{"id":22653,"date":"2026-03-17T08:53:27","date_gmt":"2026-03-17T07:53:27","guid":{"rendered":"https:\/\/www.packaging-mag.com\/?p=22653"},"modified":"2026-03-17T08:53:28","modified_gmt":"2026-03-17T07:53:28","slug":"omag-future-is-our-time-make-it-yours","status":"publish","type":"post","link":"https:\/\/www.packaging-mag.com\/it\/omag-future-is-our-time-make-it-yours\/","title":{"rendered":"OMAG: Future is our time. Make it yours!"},"content":{"rendered":"\n<p>L\u2019anno 2025 si \u00e8 appena concluso con un risultato ancora una volta eccezionale, un traguardo positivo che si staglia con forza sullo sfondo di un anno oggettivamente complesso. La comunit\u00e0 globale, infatti, ha dovuto fare i conti con la dolorosa eredit\u00e0 di conflitti prolungati, come quello IsraeloPalestinese e quello Russo-Ucraino, che hanno impattato profondamente non solo il tessuto sociale e politico, ma anche le dinamiche economiche a livello mondiale.<\/p>\n\n\n\n<p>In questo scenario di incertezza, <strong><a href=\"http:\/\/www.omag-pack.com\/\" target=\"_blank\" rel=\"noreferrer noopener\">Omag<\/a><\/strong> non solo \u00e8 riuscita a mantenere la propria rotta, ma si \u00e8 affermata con rinnovato vigore come uno dei partner di riferimento per i mercati di tutto il mondo. Il nostro successo non \u00e8 solo una cifra sul bilancio, ma la testimonianza tangibile della fiducia che i nostri clienti, anche in contesti politico-sociali particolarmente delicati, continuano a riporre nella nostra competenza, nella nostra affidabilit\u00e0 e nella qualit\u00e0 delle nostre soluzioni.<\/p>\n\n\n\n<p>Abbiamo analizzato in profondit\u00e0 i dati e le proiezioni con i nostri partner di settore e le nostre analisi indicano che il 2026 si preannuncia altrettanto, se non pi\u00f9, complesso. Tuttavia, lungi dall\u2019essere intimoriti da tale prospettiva, siamo animati da un\u2019energia straordinaria. Abbiamo trascorso gli ultimi anni a perfezionare numerosi progetti, che ora sono pronti a vedere la luce e a trasformarsi in realt\u00e0 tangibili. La nostra attesa per affrontare queste nuove sfide \u00e8 alimentata dalla consapevolezza di un potenziale inespresso che ora siamo pronti a liberare.<\/p>\n\n\n<div class=\"wp-block-image\">\n<figure class=\"aligncenter size-large is-resized\"><img fetchpriority=\"high\" decoding=\"async\" width=\"1024\" height=\"576\" src=\"https:\/\/www.packaging-mag.com\/wp-content\/uploads\/2026\/03\/Linea-M3169-CS_15-MARGARINA-Foto-Principale-senza-scatolonatrice-e-barre-gialle-1-1024x576.jpg\" alt=\"\" class=\"wp-image-22656\" style=\"width:695px;height:auto\" srcset=\"https:\/\/www.packaging-mag.com\/wp-content\/uploads\/2026\/03\/Linea-M3169-CS_15-MARGARINA-Foto-Principale-senza-scatolonatrice-e-barre-gialle-1-1024x576.jpg 1024w, https:\/\/www.packaging-mag.com\/wp-content\/uploads\/2026\/03\/Linea-M3169-CS_15-MARGARINA-Foto-Principale-senza-scatolonatrice-e-barre-gialle-1-300x169.jpg 300w, https:\/\/www.packaging-mag.com\/wp-content\/uploads\/2026\/03\/Linea-M3169-CS_15-MARGARINA-Foto-Principale-senza-scatolonatrice-e-barre-gialle-1-768x432.jpg 768w, https:\/\/www.packaging-mag.com\/wp-content\/uploads\/2026\/03\/Linea-M3169-CS_15-MARGARINA-Foto-Principale-senza-scatolonatrice-e-barre-gialle-1-1536x864.jpg 1536w, https:\/\/www.packaging-mag.com\/wp-content\/uploads\/2026\/03\/Linea-M3169-CS_15-MARGARINA-Foto-Principale-senza-scatolonatrice-e-barre-gialle-1-2048x1152.jpg 2048w, https:\/\/www.packaging-mag.com\/wp-content\/uploads\/2026\/03\/Linea-M3169-CS_15-MARGARINA-Foto-Principale-senza-scatolonatrice-e-barre-gialle-1-150x85.jpg 150w, https:\/\/www.packaging-mag.com\/wp-content\/uploads\/2026\/03\/Linea-M3169-CS_15-MARGARINA-Foto-Principale-senza-scatolonatrice-e-barre-gialle-1-1920x1080.jpg 1920w, https:\/\/www.packaging-mag.com\/wp-content\/uploads\/2026\/03\/Linea-M3169-CS_15-MARGARINA-Foto-Principale-senza-scatolonatrice-e-barre-gialle-1-600x338.jpg 600w\" sizes=\"(max-width: 1024px) 100vw, 1024px\" \/><\/figure>\n<\/div>\n\n\n<p><\/p>\n\n\n\n<p>Il primo, e forse pi\u00f9 visibile, di questi progetti \u00e8 l\u2019imminente inaugurazione di una nuova ala del nostro stabilimento principale. Questo ampliamento rappresenta molto pi\u00f9 di un semplice incremento di spazio; \u00e8 il simbolo della nostra crescita continua e della nostra visione a lungo termine.<\/p>\n\n\n\n<p>Duemila (2.000) nuovi metri quadrati, distribuiti su due piani, che in parte ospiteranno uffici moderni, luminosi e spaziosi, pensati per accogliere le nuove leve di talenti che si uniranno alla nostra famiglia in costante espansione, in parte daranno una grande mano alla logistica in ottica futura. I primi saranno spazi collaborativi, dotati delle pi\u00f9 recenti tecnologie, progettati per stimolare la creativit\u00e0 e favorire lo scambio di idee tra i team.<\/p>\n\n\n\n<p>I secondi sono spazi gi\u00e0 presi in carico dal nostro team di magazzinieri: abbiamo installato n. 4 nuovi magazzini verticali direttamente collegati al nostro Mes aziendale per un\u2019organizzazione della produzione in linea con le nostre ambizioni future.<\/p>\n\n\n\n<p>Inoltre un\u2019ampio spazio si \u00e8 aggiunto in dotazione alla logistica per lo stoccaggio delle confezionatrici imballate e pronte a partire verso le principali destinazioni di tutto il mondo farmaceutico: linee complete per buste e stick liqudi, ma anche per solidi orali, astucciatrici da pre-incollato, ma soprattutto da top load assieme a sistemi robotizzati di ultima generazione. Tutto Made in Omag.<\/p>\n\n\n\n<p>Ma non ci siamo fermati qui. L\u2019espansione \u00e8 stata concepita con un approccio olistico, che mette al centro il benessere e la serenit\u00e0 delle persone, collaboratori e clienti. Abbiamo previsto una nuova area spogliatoi, pi\u00f9 ampia e funzionale, che rispetta le esigenze di una squadra in crescita. Parallelamente, una nuova mensa, finalmente pi\u00f9 grande e accogliente, garantir\u00e0 ai nostri dipendenti la possibilit\u00e0 di godere dei loro momenti di pausa in un ambiente confortevole, adeguato al numero di persone che oggi lavorano con noi.<\/p>\n\n\n\n<p>Questo investimento nel capitale umano riflette la nostra convinzione che la produttivit\u00e0 e l\u2019innovazione nascano in un contesto di rispetto e valorizzazione reciproca. I nuovi uffici, inoltre, ospiteranno Team sempre pi\u00f9 ampi e specializzati, garantendo un incremento costante delle competenze messe a disposizione dei nostri partner e clienti, che continuano a investire in Omag, fiduciosi di ottenere sempre il miglior risultato. Un elemento distintivo di questa nuova struttura, e uno dei pi\u00f9 emozionanti, sar\u00e0 la presenza di una terrazza panoramica adibita a living.<\/p>\n\n\n\n<p>Questo spazio, arredato in modo moderno e confortevole, sar\u00e0 un rifugio di spensieratezza, un luogo dove potersi rilassare e socializzare con i colleghi al termine di un collaudo completato con successo, dopo aver affrontato un test sfidante per lo sviluppo di una nuova opportunit\u00e0 o dopo aver implementato le richieste pi\u00f9 complesse dei nostri clienti.<\/p>\n\n\n\n<p>Sar\u00e0 un luogo di celebrazione e di ispirazione, dove i nostri dipendenti, assieme ai clienti, potranno ricaricare le energie e stringere i legami, perch\u00e9 sappiamo che le idee migliori nascono spesso nei momenti di confronto informale e rilassato. Questo approccio riflette la nostra filosofia aziendale, in cui il successo professionale si fonde con il benessere personale.<\/p>\n\n\n\n<p>La riorganizzazione degli spazi non si esaurisce con l\u2019ampliamento. Di conseguenza, tutto questo processo di espansione e riallocazione liberer\u00e0 nuovi spazi nell\u2019area centrale dello stabilimento, che presto sar\u00e0 protagonista di un\u2019importante opera di rinnovamento. Questa metamorfosi non riguarder\u00e0 solo l\u2019estetica, ma sar\u00e0 un\u2019occasione per ottimizzare ulteriormente i flussi di lavoro, migliorare l\u2019efficienza produttiva e integrare nuove tecnologie, dando vita a un ambiente di lavoro ancora pi\u00f9 moderno e all\u2019avanguardia.<\/p>\n\n\n\n<p>Vale la pena citare il nostro fiore all\u2019occhiello: un laboratorio all\u2019avanguardia con tutte le tecnologie e strumen tazioni necessarie affinch\u00e8 il nostro reparto test possa fornire in ogni momento una completa analisi sui prodotti ed i film dei clienti, quindi una previsione dei sistemi di dosaggio idonei per quel dato prodotto. E\u2019 cosi\u2019 che abbiamo, ad esempio, approciato e stravinto la nostra battaglia sul confezionamento di un prodotto particolarmente complesso come il Macrogol oppure i Probiotici.<\/p>\n\n\n\n<p>Il tutto accompagnato da uno tra gli investimenti pi\u00f9 importanti ad oggi fatti in Omag: un\u2019area di circa 100 mq a temperatura ed umidit\u00e0 controllata con unit\u00e0 di trattamento aria (UTA), fondamentali per mantenere le condizioni ambientali richieste nelle camere bianche degli stabilimenti farmaceutici e quindi garantire ai nostri clienti condizioni ambientali, durante il collaudo, che ricreano in tutto e per tutto le stesse situazioni in cui le linee lavoreranno una volta installate in casa propria.<\/p>\n\n\n\n<p>Sono trascorsi oramai tre anni da quando abbiamo lanciato il nostro nuovo ciclo programmatico, intitolato <strong>\u201cFUTURE IS OUR TIME\u201d<\/strong>. Con determinazione e umilt\u00e0, \u201ca testa bassa\u201d, ci siamo proiettati nel futuro, consapevoli che non \u00e8 un destino predefinito, ma un percorso da scrivere giorno dopo giorno. \u00c8 un terreno in cui ci sentiamo particolarmente a nostro agio, perch\u00e9 la nostra missione si \u00e8 evoluta, trasformandosi nella capacit\u00e0 di anticipare le esigenze dei nostri clienti, fornendo soluzioni ancora prima che ci vengano esplicitamente richieste.<\/p>\n\n\n<div class=\"wp-block-image\">\n<figure class=\"alignleft size-large is-resized\"><img decoding=\"async\" width=\"1024\" height=\"929\" src=\"https:\/\/www.packaging-mag.com\/wp-content\/uploads\/2026\/03\/Roberto-Giovanni-Davide-foto-istituzionale-OMAG-copia-1-1024x929.jpg\" alt=\"\" class=\"wp-image-22658\" style=\"width:327px;height:auto\" srcset=\"https:\/\/www.packaging-mag.com\/wp-content\/uploads\/2026\/03\/Roberto-Giovanni-Davide-foto-istituzionale-OMAG-copia-1-1024x929.jpg 1024w, https:\/\/www.packaging-mag.com\/wp-content\/uploads\/2026\/03\/Roberto-Giovanni-Davide-foto-istituzionale-OMAG-copia-1-300x272.jpg 300w, https:\/\/www.packaging-mag.com\/wp-content\/uploads\/2026\/03\/Roberto-Giovanni-Davide-foto-istituzionale-OMAG-copia-1-768x697.jpg 768w, https:\/\/www.packaging-mag.com\/wp-content\/uploads\/2026\/03\/Roberto-Giovanni-Davide-foto-istituzionale-OMAG-copia-1-1536x1394.jpg 1536w, https:\/\/www.packaging-mag.com\/wp-content\/uploads\/2026\/03\/Roberto-Giovanni-Davide-foto-istituzionale-OMAG-copia-1-600x544.jpg 600w, https:\/\/www.packaging-mag.com\/wp-content\/uploads\/2026\/03\/Roberto-Giovanni-Davide-foto-istituzionale-OMAG-copia-1.jpg 1748w\" sizes=\"(max-width: 1024px) 100vw, 1024px\" \/><\/figure>\n<\/div>\n\n\n<p>Questo non \u00e8 un semplice obiettivo di marketing, ma una vera e propria vocazione. La profonda conoscenza dei processi, unita a un ascolto proattivo delle necessit\u00e0 del mercato, ci permette di offrire un valore aggiunto ineguagliabile. Ecco quindi il naturale sequel della nostra visione: \u201cMAKE IT YOURS\u201d.<\/p>\n\n\n\n<p>Questo non \u00e8 un semplice slogan, ma un vero e proprio manifesto. \u00c8 un inno che rivolgiamo ai nostri clienti, invitandoli ad afferrare con noi il futuro, a \u201cprendere il toro per le corna\u201d e a lasciare che il tempo che verr\u00e0 diventi la loro dimensione, un ambiente in cui anche loro possano sentirsi costantemente presenti, proattivi e all\u2019avanguardia.<\/p>\n\n\n\n<p>Il futuro \u00e8 il nostro tempo, s\u00ec, ma la vera missione \u00e8 renderlo anche il tempo di chi ci sceglie. <strong>IL FUTURO E\u2019 IL NOSTRO TEMPO: FALLO DIVENTARE ANCHE TUO!<\/strong> Come? Omag vi prende per mano e vi accompagna in questo viaggio fantastico, una partnership che \u00e8 molto di pi\u00f9 di una semplice transazione commerciale. \u00c8 un percorso fatto di crescita comune, di obiettivi condivisi, dove iniziare insieme, crescere insieme e, soprattutto, vedersi gi\u00e0, insieme, come saremo fra 10 anni.<\/p>\n\n\n\n<p>Mi piace ripetere spesso che la nostra solidit\u00e0 e la nostra proiezione verso il futuro non dipendono da una singola vendita in pi\u00f9 o in meno. Non \u00e8 la transazione immediata a definirci, ma il percorso a lungo termine che costruiamo con chi ripone la propria fiducia in noi. \u00c8 per questo che desideriamo che le decine, centinaia, migliaia di partnership che abbiamo costruito, che stiamo consoli dando e che nasceranno in futuro possano parlare una lingua sola: quella del futuro.<\/p>\n\n\n\n<p>Non del passato, non del presente, ma di ci\u00f2 che deve ancora venire. La nostra aspirazione \u00e8 camminare insieme verso questo orizzonte, e restarci. \u00c8 per questo che abbiamo implementato, e continuiamo a farlo, un Team di Service che si propone come unico obiettivo l\u2019eccellenza nel supporto continuo e costante verso i principali protagonisti di questa missione: il Cliente! In termini pratici, cosa significa tutto ci\u00f2? Significa che il cliente \u00e8, e deve restare, il CENTRO di questo universo futuristico, un principio che deve guidare ogni nostra azione, ogni nostra decisione e ogni nostro pensiero. Sempre. Per OMAG, la tecnologia \u00e8 al servizio dell\u2019uomo, non viceversa.<\/p>\n\n\n\n<p>Per questo, l\u2019operatore riveste un ruolo centrale, attorno al quale sviluppare un intero ecosistema che faciliti il pi\u00f9 possibile il suo lavoro, ottimizzando l\u2019interazione e riducendo la complessit\u00e0 percepita. \u00c8 in questa ottica che il 2026 vedr\u00e0 l\u2019uscita sul mercato di una nuova, rivoluzionaria interfaccia utente per le macchine Omag. L\u2019obiettivo non \u00e8 semplicemente aggiornare un software, ma ridefinire completamente l\u2019interazione Uomo-Macchina, rendendola pi\u00f9 fluida, completa, intuitiva, chiara e soprattutto innovativa.<\/p>\n\n\n\n<p>Come ci riusciremo? Metteremo a disposizione dell\u2019operatore strumenti pi\u00f9 evoluti e intelligenti, che non si limitano a fornire dati, ma li elaborano e li presentano in modo comprensibile e contestualizzato. Questo approccio dar\u00e0 all\u2019operatore quella sicurezza e quella confidenza necessarie per gestire al meglio anche le linee complete che, a causa della loro intrinseca complessit\u00e0 tecnologica, richiederebbero altrimenti un elevato livello di attenzione e competenza.<\/p>\n\n\n\n<p>Grazie a questa nuova interfaccia, la gestione delle operazioni si semplificher\u00e0 notevolmente. Le attivit\u00e0 di cambio lotto, pulizia e cambio formato, tematiche sempre pi\u00f9 pressanti per i nostri clienti (in particolare quelli operanti nel settore farmaceutico, dove i requisiti di tracciabilit\u00e0 e flessibilit\u00e0 sono massimi), verranno ottimizzate e accelerate. Sar\u00e0 sufficiente richiamare la ricetta appropriata tramite l\u2019<strong>HMI (HumanMachine Interface)<\/strong> per avviare il processo, riducendo drasticamente i tempi morti e gli errori.<\/p>\n\n\n\n<p>Questa implementazione non sar\u00e0 un optional a pagamento, ma sar\u00e0 fornita di standard su tutte le nuove confezionatrici, sia quelle dedicate al packaging primario che quelle per il packaging secondario, mantenendo i prezzi invariati. \u00c8 il nostro modo per ribadire che l\u2019innovazione, per Omag, non \u00e8 un lusso, ma un valore che deve essere messo a disposizione di tutti, per costruire insieme un futuro di crescita, efficienza e successo condiviso.<\/p>\n\n\n\n<figure class=\"wp-block-image size-full is-resized\"><img decoding=\"async\" width=\"570\" height=\"285\" src=\"https:\/\/www.packaging-mag.com\/wp-content\/uploads\/2026\/03\/logo-omag.png\" alt=\"\" class=\"wp-image-22654\" style=\"width:190px;height:auto\" srcset=\"https:\/\/www.packaging-mag.com\/wp-content\/uploads\/2026\/03\/logo-omag.png 570w, https:\/\/www.packaging-mag.com\/wp-content\/uploads\/2026\/03\/logo-omag-300x150.png 300w\" sizes=\"(max-width: 570px) 100vw, 570px\" \/><figcaption class=\"wp-element-caption\"><strong><a href=\"http:\/\/www.omag-pack.com\/\" target=\"_blank\" rel=\"noreferrer noopener\">www.omag-pack.com<\/a><\/strong><\/figcaption><\/figure>\n","protected":false},"excerpt":{"rendered":"<p>L\u2019anno 2025 si \u00e8 appena concluso con un risultato ancora una volta eccezionale, un traguardo positivo che si staglia con forza sullo sfondo di un anno oggettivamente complesso. La comunit\u00e0 globale, infatti, ha dovuto fare i conti con la dolorosa eredit\u00e0 di conflitti prolungati, come quello IsraeloPalestinese e quello Russo-Ucraino, che hanno impattato profondamente non [&hellip;]<\/p>\n","protected":false},"author":6,"featured_media":22656,"comment_status":"closed","ping_status":"closed","sticky":false,"template":"","format":"standard","meta":{"footnotes":""},"categories":[908,1584,919,1409],"tags":[2487,1129,1604,1312,2634,1341],"class_list":["post-22653","post","type-post","status-publish","format-standard","has-post-thumbnail","hentry","category-automazione","category-confezionamento","category-farmaceutico","category-packaging","tag-automazione-it","tag-confezionamento","tag-farmaceutico","tag-imballaggio-it","tag-omag-2","tag-packaging-2"],"yoast_head":"<!-- This site is optimized with the Yoast SEO plugin v27.2 - https:\/\/yoast.com\/product\/yoast-seo-wordpress\/ -->\n<title>OMAG: Future is our time. Make it yours! - Packaging International<\/title>\n<meta name=\"robots\" content=\"index, follow, max-snippet:-1, max-image-preview:large, max-video-preview:-1\" \/>\n<link rel=\"canonical\" href=\"https:\/\/www.packaging-mag.com\/it\/omag-future-is-our-time-make-it-yours\/\" \/>\n<meta property=\"og:locale\" content=\"it_IT\" \/>\n<meta property=\"og:type\" content=\"article\" \/>\n<meta property=\"og:title\" content=\"OMAG: Future is our time. Make it yours! - Packaging International\" \/>\n<meta property=\"og:description\" content=\"L\u2019anno 2025 si \u00e8 appena concluso con un risultato ancora una volta eccezionale, un traguardo positivo che si staglia con forza sullo sfondo di un anno oggettivamente complesso. La comunit\u00e0 globale, infatti, ha dovuto fare i conti con la dolorosa eredit\u00e0 di conflitti prolungati, come quello IsraeloPalestinese e quello Russo-Ucraino, che hanno impattato profondamente non [&hellip;]\" \/>\n<meta property=\"og:url\" content=\"https:\/\/www.packaging-mag.com\/it\/omag-future-is-our-time-make-it-yours\/\" \/>\n<meta property=\"og:site_name\" content=\"Packaging International\" \/>\n<meta property=\"article:published_time\" content=\"2026-03-17T07:53:27+00:00\" \/>\n<meta property=\"article:modified_time\" content=\"2026-03-17T07:53:28+00:00\" \/>\n<meta property=\"og:image\" content=\"https:\/\/www.packaging-mag.com\/wp-content\/uploads\/2026\/03\/Linea-M3169-CS_15-MARGARINA-Foto-Principale-senza-scatolonatrice-e-barre-gialle-1-scaled.jpg\" \/>\n\t<meta property=\"og:image:width\" content=\"2560\" \/>\n\t<meta property=\"og:image:height\" content=\"1440\" \/>\n\t<meta property=\"og:image:type\" content=\"image\/jpeg\" \/>\n<meta name=\"author\" content=\"Walter Zannoni\" \/>\n<meta name=\"twitter:card\" content=\"summary_large_image\" \/>\n<meta name=\"twitter:label1\" content=\"Scritto da\" \/>\n\t<meta name=\"twitter:data1\" content=\"Walter Zannoni\" \/>\n\t<meta name=\"twitter:label2\" content=\"Tempo di lettura stimato\" \/>\n\t<meta name=\"twitter:data2\" content=\"9 minuti\" \/>\n<script type=\"application\/ld+json\" class=\"yoast-schema-graph\">{\"@context\":\"https:\/\/schema.org\",\"@graph\":[{\"@type\":\"Article\",\"@id\":\"https:\/\/www.packaging-mag.com\/it\/omag-future-is-our-time-make-it-yours\/#article\",\"isPartOf\":{\"@id\":\"https:\/\/www.packaging-mag.com\/it\/omag-future-is-our-time-make-it-yours\/\"},\"author\":{\"name\":\"Walter Zannoni\",\"@id\":\"https:\/\/www.packaging-mag.com\/it\/#\/schema\/person\/d35ab98065730065b3060899c9745f04\"},\"headline\":\"OMAG: Future is our time. Make it yours!\",\"datePublished\":\"2026-03-17T07:53:27+00:00\",\"dateModified\":\"2026-03-17T07:53:28+00:00\",\"mainEntityOfPage\":{\"@id\":\"https:\/\/www.packaging-mag.com\/it\/omag-future-is-our-time-make-it-yours\/\"},\"wordCount\":1680,\"publisher\":{\"@id\":\"https:\/\/www.packaging-mag.com\/it\/#organization\"},\"image\":{\"@id\":\"https:\/\/www.packaging-mag.com\/it\/omag-future-is-our-time-make-it-yours\/#primaryimage\"},\"thumbnailUrl\":\"https:\/\/www.packaging-mag.com\/wp-content\/uploads\/2026\/03\/Linea-M3169-CS_15-MARGARINA-Foto-Principale-senza-scatolonatrice-e-barre-gialle-1-scaled.jpg\",\"keywords\":[\"Automazione\",\"confezionamento\",\"Farmaceutico\",\"Imballaggio\",\"OMAG\",\"packaging\"],\"articleSection\":[\"Automazione\",\"Confezionamento\",\"Farmaceutico\",\"Packaging\"],\"inLanguage\":\"it-IT\"},{\"@type\":\"WebPage\",\"@id\":\"https:\/\/www.packaging-mag.com\/it\/omag-future-is-our-time-make-it-yours\/\",\"url\":\"https:\/\/www.packaging-mag.com\/it\/omag-future-is-our-time-make-it-yours\/\",\"name\":\"OMAG: Future is our time. Make it yours! - Packaging International\",\"isPartOf\":{\"@id\":\"https:\/\/www.packaging-mag.com\/it\/#website\"},\"primaryImageOfPage\":{\"@id\":\"https:\/\/www.packaging-mag.com\/it\/omag-future-is-our-time-make-it-yours\/#primaryimage\"},\"image\":{\"@id\":\"https:\/\/www.packaging-mag.com\/it\/omag-future-is-our-time-make-it-yours\/#primaryimage\"},\"thumbnailUrl\":\"https:\/\/www.packaging-mag.com\/wp-content\/uploads\/2026\/03\/Linea-M3169-CS_15-MARGARINA-Foto-Principale-senza-scatolonatrice-e-barre-gialle-1-scaled.jpg\",\"datePublished\":\"2026-03-17T07:53:27+00:00\",\"dateModified\":\"2026-03-17T07:53:28+00:00\",\"breadcrumb\":{\"@id\":\"https:\/\/www.packaging-mag.com\/it\/omag-future-is-our-time-make-it-yours\/#breadcrumb\"},\"inLanguage\":\"it-IT\",\"potentialAction\":[{\"@type\":\"ReadAction\",\"target\":[\"https:\/\/www.packaging-mag.com\/it\/omag-future-is-our-time-make-it-yours\/\"]}]},{\"@type\":\"ImageObject\",\"inLanguage\":\"it-IT\",\"@id\":\"https:\/\/www.packaging-mag.com\/it\/omag-future-is-our-time-make-it-yours\/#primaryimage\",\"url\":\"https:\/\/www.packaging-mag.com\/wp-content\/uploads\/2026\/03\/Linea-M3169-CS_15-MARGARINA-Foto-Principale-senza-scatolonatrice-e-barre-gialle-1-scaled.jpg\",\"contentUrl\":\"https:\/\/www.packaging-mag.com\/wp-content\/uploads\/2026\/03\/Linea-M3169-CS_15-MARGARINA-Foto-Principale-senza-scatolonatrice-e-barre-gialle-1-scaled.jpg\",\"width\":2560,\"height\":1440},{\"@type\":\"BreadcrumbList\",\"@id\":\"https:\/\/www.packaging-mag.com\/it\/omag-future-is-our-time-make-it-yours\/#breadcrumb\",\"itemListElement\":[{\"@type\":\"ListItem\",\"position\":1,\"name\":\"Home\",\"item\":\"https:\/\/www.packaging-mag.com\/it\/\"},{\"@type\":\"ListItem\",\"position\":2,\"name\":\"OMAG: Future is our time. Make it yours!\"}]},{\"@type\":\"WebSite\",\"@id\":\"https:\/\/www.packaging-mag.com\/it\/#website\",\"url\":\"https:\/\/www.packaging-mag.com\/it\/\",\"name\":\"Packaging International\",\"description\":\"All for packaging\",\"publisher\":{\"@id\":\"https:\/\/www.packaging-mag.com\/it\/#organization\"},\"potentialAction\":[{\"@type\":\"SearchAction\",\"target\":{\"@type\":\"EntryPoint\",\"urlTemplate\":\"https:\/\/www.packaging-mag.com\/it\/?s={search_term_string}\"},\"query-input\":{\"@type\":\"PropertyValueSpecification\",\"valueRequired\":true,\"valueName\":\"search_term_string\"}}],\"inLanguage\":\"it-IT\"},{\"@type\":\"Organization\",\"@id\":\"https:\/\/www.packaging-mag.com\/it\/#organization\",\"name\":\"Editrice Zeus Sas\",\"url\":\"https:\/\/www.packaging-mag.com\/it\/\",\"logo\":{\"@type\":\"ImageObject\",\"inLanguage\":\"it-IT\",\"@id\":\"https:\/\/www.packaging-mag.com\/it\/#\/schema\/logo\/image\/\",\"url\":\"https:\/\/www.packaging-mag.com\/wp-content\/uploads\/2020\/02\/PACKAGING-INTERNATIONAL_editrice.png\",\"contentUrl\":\"https:\/\/www.packaging-mag.com\/wp-content\/uploads\/2020\/02\/PACKAGING-INTERNATIONAL_editrice.png\",\"width\":5020,\"height\":1205,\"caption\":\"Editrice Zeus Sas\"},\"image\":{\"@id\":\"https:\/\/www.packaging-mag.com\/it\/#\/schema\/logo\/image\/\"}},{\"@type\":\"Person\",\"@id\":\"https:\/\/www.packaging-mag.com\/it\/#\/schema\/person\/d35ab98065730065b3060899c9745f04\",\"name\":\"Walter Zannoni\",\"image\":{\"@type\":\"ImageObject\",\"inLanguage\":\"it-IT\",\"@id\":\"https:\/\/secure.gravatar.com\/avatar\/2568092636a116620ad966ce2cb1f73e997ff95c7255a63622ebdd412a9b76af?s=96&d=mm&r=g\",\"url\":\"https:\/\/secure.gravatar.com\/avatar\/2568092636a116620ad966ce2cb1f73e997ff95c7255a63622ebdd412a9b76af?s=96&d=mm&r=g\",\"contentUrl\":\"https:\/\/secure.gravatar.com\/avatar\/2568092636a116620ad966ce2cb1f73e997ff95c7255a63622ebdd412a9b76af?s=96&d=mm&r=g\",\"caption\":\"Walter Zannoni\"}}]}<\/script>\n<!-- \/ Yoast SEO plugin. -->","yoast_head_json":{"title":"OMAG: Future is our time. Make it yours! - Packaging International","robots":{"index":"index","follow":"follow","max-snippet":"max-snippet:-1","max-image-preview":"max-image-preview:large","max-video-preview":"max-video-preview:-1"},"canonical":"https:\/\/www.packaging-mag.com\/it\/omag-future-is-our-time-make-it-yours\/","og_locale":"it_IT","og_type":"article","og_title":"OMAG: Future is our time. Make it yours! - Packaging International","og_description":"L\u2019anno 2025 si \u00e8 appena concluso con un risultato ancora una volta eccezionale, un traguardo positivo che si staglia con forza sullo sfondo di un anno oggettivamente complesso. La comunit\u00e0 globale, infatti, ha dovuto fare i conti con la dolorosa eredit\u00e0 di conflitti prolungati, come quello IsraeloPalestinese e quello Russo-Ucraino, che hanno impattato profondamente non [&hellip;]","og_url":"https:\/\/www.packaging-mag.com\/it\/omag-future-is-our-time-make-it-yours\/","og_site_name":"Packaging International","article_published_time":"2026-03-17T07:53:27+00:00","article_modified_time":"2026-03-17T07:53:28+00:00","og_image":[{"width":2560,"height":1440,"url":"https:\/\/www.packaging-mag.com\/wp-content\/uploads\/2026\/03\/Linea-M3169-CS_15-MARGARINA-Foto-Principale-senza-scatolonatrice-e-barre-gialle-1-scaled.jpg","type":"image\/jpeg"}],"author":"Walter Zannoni","twitter_card":"summary_large_image","twitter_misc":{"Scritto da":"Walter Zannoni","Tempo di lettura stimato":"9 minuti"},"schema":{"@context":"https:\/\/schema.org","@graph":[{"@type":"Article","@id":"https:\/\/www.packaging-mag.com\/it\/omag-future-is-our-time-make-it-yours\/#article","isPartOf":{"@id":"https:\/\/www.packaging-mag.com\/it\/omag-future-is-our-time-make-it-yours\/"},"author":{"name":"Walter Zannoni","@id":"https:\/\/www.packaging-mag.com\/it\/#\/schema\/person\/d35ab98065730065b3060899c9745f04"},"headline":"OMAG: Future is our time. Make it yours!","datePublished":"2026-03-17T07:53:27+00:00","dateModified":"2026-03-17T07:53:28+00:00","mainEntityOfPage":{"@id":"https:\/\/www.packaging-mag.com\/it\/omag-future-is-our-time-make-it-yours\/"},"wordCount":1680,"publisher":{"@id":"https:\/\/www.packaging-mag.com\/it\/#organization"},"image":{"@id":"https:\/\/www.packaging-mag.com\/it\/omag-future-is-our-time-make-it-yours\/#primaryimage"},"thumbnailUrl":"https:\/\/www.packaging-mag.com\/wp-content\/uploads\/2026\/03\/Linea-M3169-CS_15-MARGARINA-Foto-Principale-senza-scatolonatrice-e-barre-gialle-1-scaled.jpg","keywords":["Automazione","confezionamento","Farmaceutico","Imballaggio","OMAG","packaging"],"articleSection":["Automazione","Confezionamento","Farmaceutico","Packaging"],"inLanguage":"it-IT"},{"@type":"WebPage","@id":"https:\/\/www.packaging-mag.com\/it\/omag-future-is-our-time-make-it-yours\/","url":"https:\/\/www.packaging-mag.com\/it\/omag-future-is-our-time-make-it-yours\/","name":"OMAG: Future is our time. Make it yours! - Packaging International","isPartOf":{"@id":"https:\/\/www.packaging-mag.com\/it\/#website"},"primaryImageOfPage":{"@id":"https:\/\/www.packaging-mag.com\/it\/omag-future-is-our-time-make-it-yours\/#primaryimage"},"image":{"@id":"https:\/\/www.packaging-mag.com\/it\/omag-future-is-our-time-make-it-yours\/#primaryimage"},"thumbnailUrl":"https:\/\/www.packaging-mag.com\/wp-content\/uploads\/2026\/03\/Linea-M3169-CS_15-MARGARINA-Foto-Principale-senza-scatolonatrice-e-barre-gialle-1-scaled.jpg","datePublished":"2026-03-17T07:53:27+00:00","dateModified":"2026-03-17T07:53:28+00:00","breadcrumb":{"@id":"https:\/\/www.packaging-mag.com\/it\/omag-future-is-our-time-make-it-yours\/#breadcrumb"},"inLanguage":"it-IT","potentialAction":[{"@type":"ReadAction","target":["https:\/\/www.packaging-mag.com\/it\/omag-future-is-our-time-make-it-yours\/"]}]},{"@type":"ImageObject","inLanguage":"it-IT","@id":"https:\/\/www.packaging-mag.com\/it\/omag-future-is-our-time-make-it-yours\/#primaryimage","url":"https:\/\/www.packaging-mag.com\/wp-content\/uploads\/2026\/03\/Linea-M3169-CS_15-MARGARINA-Foto-Principale-senza-scatolonatrice-e-barre-gialle-1-scaled.jpg","contentUrl":"https:\/\/www.packaging-mag.com\/wp-content\/uploads\/2026\/03\/Linea-M3169-CS_15-MARGARINA-Foto-Principale-senza-scatolonatrice-e-barre-gialle-1-scaled.jpg","width":2560,"height":1440},{"@type":"BreadcrumbList","@id":"https:\/\/www.packaging-mag.com\/it\/omag-future-is-our-time-make-it-yours\/#breadcrumb","itemListElement":[{"@type":"ListItem","position":1,"name":"Home","item":"https:\/\/www.packaging-mag.com\/it\/"},{"@type":"ListItem","position":2,"name":"OMAG: Future is our time. Make it yours!"}]},{"@type":"WebSite","@id":"https:\/\/www.packaging-mag.com\/it\/#website","url":"https:\/\/www.packaging-mag.com\/it\/","name":"Packaging International","description":"All for packaging","publisher":{"@id":"https:\/\/www.packaging-mag.com\/it\/#organization"},"potentialAction":[{"@type":"SearchAction","target":{"@type":"EntryPoint","urlTemplate":"https:\/\/www.packaging-mag.com\/it\/?s={search_term_string}"},"query-input":{"@type":"PropertyValueSpecification","valueRequired":true,"valueName":"search_term_string"}}],"inLanguage":"it-IT"},{"@type":"Organization","@id":"https:\/\/www.packaging-mag.com\/it\/#organization","name":"Editrice Zeus Sas","url":"https:\/\/www.packaging-mag.com\/it\/","logo":{"@type":"ImageObject","inLanguage":"it-IT","@id":"https:\/\/www.packaging-mag.com\/it\/#\/schema\/logo\/image\/","url":"https:\/\/www.packaging-mag.com\/wp-content\/uploads\/2020\/02\/PACKAGING-INTERNATIONAL_editrice.png","contentUrl":"https:\/\/www.packaging-mag.com\/wp-content\/uploads\/2020\/02\/PACKAGING-INTERNATIONAL_editrice.png","width":5020,"height":1205,"caption":"Editrice Zeus Sas"},"image":{"@id":"https:\/\/www.packaging-mag.com\/it\/#\/schema\/logo\/image\/"}},{"@type":"Person","@id":"https:\/\/www.packaging-mag.com\/it\/#\/schema\/person\/d35ab98065730065b3060899c9745f04","name":"Walter Zannoni","image":{"@type":"ImageObject","inLanguage":"it-IT","@id":"https:\/\/secure.gravatar.com\/avatar\/2568092636a116620ad966ce2cb1f73e997ff95c7255a63622ebdd412a9b76af?s=96&d=mm&r=g","url":"https:\/\/secure.gravatar.com\/avatar\/2568092636a116620ad966ce2cb1f73e997ff95c7255a63622ebdd412a9b76af?s=96&d=mm&r=g","contentUrl":"https:\/\/secure.gravatar.com\/avatar\/2568092636a116620ad966ce2cb1f73e997ff95c7255a63622ebdd412a9b76af?s=96&d=mm&r=g","caption":"Walter Zannoni"}}]}},"_links":{"self":[{"href":"https:\/\/www.packaging-mag.com\/it\/wp-json\/wp\/v2\/posts\/22653","targetHints":{"allow":["GET"]}}],"collection":[{"href":"https:\/\/www.packaging-mag.com\/it\/wp-json\/wp\/v2\/posts"}],"about":[{"href":"https:\/\/www.packaging-mag.com\/it\/wp-json\/wp\/v2\/types\/post"}],"author":[{"embeddable":true,"href":"https:\/\/www.packaging-mag.com\/it\/wp-json\/wp\/v2\/users\/6"}],"replies":[{"embeddable":true,"href":"https:\/\/www.packaging-mag.com\/it\/wp-json\/wp\/v2\/comments?post=22653"}],"version-history":[{"count":0,"href":"https:\/\/www.packaging-mag.com\/it\/wp-json\/wp\/v2\/posts\/22653\/revisions"}],"wp:featuredmedia":[{"embeddable":true,"href":"https:\/\/www.packaging-mag.com\/it\/wp-json\/wp\/v2\/media\/22656"}],"wp:attachment":[{"href":"https:\/\/www.packaging-mag.com\/it\/wp-json\/wp\/v2\/media?parent=22653"}],"wp:term":[{"taxonomy":"category","embeddable":true,"href":"https:\/\/www.packaging-mag.com\/it\/wp-json\/wp\/v2\/categories?post=22653"},{"taxonomy":"post_tag","embeddable":true,"href":"https:\/\/www.packaging-mag.com\/it\/wp-json\/wp\/v2\/tags?post=22653"}],"curies":[{"name":"wp","href":"https:\/\/api.w.org\/{rel}","templated":true}]}}