{"id":21136,"date":"2025-03-27T08:26:55","date_gmt":"2025-03-27T07:26:55","guid":{"rendered":"https:\/\/www.packaging-mag.com\/?p=21136"},"modified":"2025-03-27T08:26:57","modified_gmt":"2025-03-27T07:26:57","slug":"al-via-le-registrazioni-per-packaging-premiere-pcd-milan-2025","status":"publish","type":"post","link":"https:\/\/www.packaging-mag.com\/it\/al-via-le-registrazioni-per-packaging-premiere-pcd-milan-2025\/","title":{"rendered":"Al via le registrazioni per Packaging Premi\u00e8re &amp; PCD Milan 2025"},"content":{"rendered":"\n<p><strong>L\u2019appuntamento imperdibile dedicato al futuro del packaging interpretato attraverso design e immaginazione aumentata va in scena dal 13 al 15 maggio 2025&nbsp;<\/strong><\/p>\n\n\n\n<p>I preparativi per l\u2019edizione <strong>2025 di <a href=\"http:\/\/www.packagingpremiere.it\/\" target=\"_blank\" rel=\"noreferrer noopener\">Packaging Premi\u00e8re &amp; PCD Milan<\/a><\/strong> sono in pieno svolgimento: a pochi mesi dall\u2019evento, si preannuncia un appuntamento ricco di novit\u00e0, grazie alla notevole qualit\u00e0 degli espositori, a contenuti di valore e alle attivit\u00e0 correlate alla manifestazione. Packaging Premi\u00e8re &amp; PCD Milan si prepara ad accogliere oltre 300 espositori e auspica la presenza di pi\u00f9 di 8300 visitatori, battendo i numeri dell\u2019edizione 2024.<\/p>\n\n\n\n<p>Questa edizione sar\u00e0 guidata dalla visione artistica di <strong>Andrea Filippi e Gabriele Moschin<\/strong>, esperti nell\u2019integrazione dell\u2019Intelligenza Artificiale nelle loro opere, che presenteranno il concept \u201cFrom AI to AI, dall\u2019Intelligenza Artificiale all\u2019Immaginazione Aumentata\u201d. Il passaggio dall\u2019Artificial Intelligence all\u2019Augmented Imagination costituisce un vero cambio di paradigma, con particolare impatto nei settori del <strong>lusso<\/strong>, del <strong>packaging<\/strong>, del <strong>design<\/strong> e della <strong>moda<\/strong>.<\/p>\n\n\n\n<figure class=\"wp-block-gallery has-nested-images columns-default is-cropped wp-block-gallery-1 is-layout-flex wp-block-gallery-is-layout-flex\">\n<figure class=\"wp-block-image size-large\"><img fetchpriority=\"high\" decoding=\"async\" width=\"1024\" height=\"683\" data-id=\"21141\" src=\"https:\/\/www.packaging-mag.com\/wp-content\/uploads\/2025\/03\/Packaging-Premiere-PCD-Milan-2024_\u00a9Valeria-Beltrami-5-1-1024x683.jpeg\" alt=\"\" class=\"wp-image-21141\" srcset=\"https:\/\/www.packaging-mag.com\/wp-content\/uploads\/2025\/03\/Packaging-Premiere-PCD-Milan-2024_\u00a9Valeria-Beltrami-5-1-1024x683.jpeg 1024w, https:\/\/www.packaging-mag.com\/wp-content\/uploads\/2025\/03\/Packaging-Premiere-PCD-Milan-2024_\u00a9Valeria-Beltrami-5-1-300x200.jpeg 300w, https:\/\/www.packaging-mag.com\/wp-content\/uploads\/2025\/03\/Packaging-Premiere-PCD-Milan-2024_\u00a9Valeria-Beltrami-5-1-768x512.jpeg 768w, https:\/\/www.packaging-mag.com\/wp-content\/uploads\/2025\/03\/Packaging-Premiere-PCD-Milan-2024_\u00a9Valeria-Beltrami-5-1-1536x1024.jpeg 1536w, https:\/\/www.packaging-mag.com\/wp-content\/uploads\/2025\/03\/Packaging-Premiere-PCD-Milan-2024_\u00a9Valeria-Beltrami-5-1-2048x1365.jpeg 2048w, https:\/\/www.packaging-mag.com\/wp-content\/uploads\/2025\/03\/Packaging-Premiere-PCD-Milan-2024_\u00a9Valeria-Beltrami-5-1-600x400.jpeg 600w\" sizes=\"(max-width: 1024px) 100vw, 1024px\" \/><\/figure>\n\n\n\n<figure class=\"wp-block-image size-large\"><img decoding=\"async\" width=\"1024\" height=\"683\" data-id=\"21139\" src=\"https:\/\/www.packaging-mag.com\/wp-content\/uploads\/2025\/03\/Packaging-Premiere-PCD-Milan-2024_\u00a9Valeria-Beltrami-10-1-1024x683.jpeg\" alt=\"\" class=\"wp-image-21139\" srcset=\"https:\/\/www.packaging-mag.com\/wp-content\/uploads\/2025\/03\/Packaging-Premiere-PCD-Milan-2024_\u00a9Valeria-Beltrami-10-1-1024x683.jpeg 1024w, https:\/\/www.packaging-mag.com\/wp-content\/uploads\/2025\/03\/Packaging-Premiere-PCD-Milan-2024_\u00a9Valeria-Beltrami-10-1-300x200.jpeg 300w, https:\/\/www.packaging-mag.com\/wp-content\/uploads\/2025\/03\/Packaging-Premiere-PCD-Milan-2024_\u00a9Valeria-Beltrami-10-1-768x512.jpeg 768w, https:\/\/www.packaging-mag.com\/wp-content\/uploads\/2025\/03\/Packaging-Premiere-PCD-Milan-2024_\u00a9Valeria-Beltrami-10-1-1536x1024.jpeg 1536w, https:\/\/www.packaging-mag.com\/wp-content\/uploads\/2025\/03\/Packaging-Premiere-PCD-Milan-2024_\u00a9Valeria-Beltrami-10-1-2048x1365.jpeg 2048w, https:\/\/www.packaging-mag.com\/wp-content\/uploads\/2025\/03\/Packaging-Premiere-PCD-Milan-2024_\u00a9Valeria-Beltrami-10-1-600x400.jpeg 600w\" sizes=\"(max-width: 1024px) 100vw, 1024px\" \/><\/figure>\n<\/figure>\n\n\n\n<p><\/p>\n\n\n\n<p>Mentre l\u2019AI ha migliorato la nostra capacit\u00e0 di ottimizzare e automatizzare, l\u2019Immaginazione Aumentata introduce una dimensione in cui la tecnologia avanzata si fonde con la creativit\u00e0. A Packaging Premi\u00e8re &amp; PCD Milano 2025 natura, intelligenza e futuro si uniscono. Nel packaging, la profondit\u00e0 \u00e8 sulla superficie: la natura \u00e8 ovunque e richiama temi di sostenibilit\u00e0, ricerca e sviluppo di materiali sempre pi\u00f9 eco-friendly; l\u2019intelligenza \u00e8 lo strumento che spinge verso l\u2019immaginazione.<\/p>\n\n\n\n<p>Oltre allo spazio espositivo, Packaging Premi\u00e8re &amp; PCD Milan offrir\u00e0 due sale dedicate a conferenze e tavole rotonde condotte da autorevoli relatori, protagonisti ed esperti del settore, che condivideranno il loro know-how su temi legati al packaging, al design, all\u2019innovazione responsabile e ai materiali all\u2019avanguardia.<\/p>\n\n\n\n<p>Verranno inoltre presentate le ultime tendenze, i case study pi\u00f9 rivoluzionari e preziosi approfondimenti per aiutare i professionisti ad affrontare le sfide future e a cogliere le opportunit\u00e0 nel mercato del packaging deluxe. Di particolare importanza, la quarta edizione dell\u2019Avant-Garde Award, che invita gli espositori ma anche le aziende, le agenzie di design e branding, i produttori di materiali, i fornitori di packaging, le start-up e i designer a candidarsi per partecipare alla selezione dei progetti pi\u00f9 innovativi dell\u2019anno.<\/p>\n\n\n\n<figure class=\"wp-block-gallery has-nested-images columns-default is-cropped wp-block-gallery-2 is-layout-flex wp-block-gallery-is-layout-flex\">\n<figure class=\"wp-block-image size-large\"><img decoding=\"async\" width=\"1024\" height=\"683\" data-id=\"21143\" src=\"https:\/\/www.packaging-mag.com\/wp-content\/uploads\/2025\/03\/Packaging-Premiere-PCD-Milan-2024_\u00a9Valeria-Beltrami-4-1-1024x683.jpeg\" alt=\"\" class=\"wp-image-21143\" srcset=\"https:\/\/www.packaging-mag.com\/wp-content\/uploads\/2025\/03\/Packaging-Premiere-PCD-Milan-2024_\u00a9Valeria-Beltrami-4-1-1024x683.jpeg 1024w, https:\/\/www.packaging-mag.com\/wp-content\/uploads\/2025\/03\/Packaging-Premiere-PCD-Milan-2024_\u00a9Valeria-Beltrami-4-1-300x200.jpeg 300w, https:\/\/www.packaging-mag.com\/wp-content\/uploads\/2025\/03\/Packaging-Premiere-PCD-Milan-2024_\u00a9Valeria-Beltrami-4-1-768x512.jpeg 768w, https:\/\/www.packaging-mag.com\/wp-content\/uploads\/2025\/03\/Packaging-Premiere-PCD-Milan-2024_\u00a9Valeria-Beltrami-4-1-1536x1024.jpeg 1536w, https:\/\/www.packaging-mag.com\/wp-content\/uploads\/2025\/03\/Packaging-Premiere-PCD-Milan-2024_\u00a9Valeria-Beltrami-4-1-2048x1365.jpeg 2048w, https:\/\/www.packaging-mag.com\/wp-content\/uploads\/2025\/03\/Packaging-Premiere-PCD-Milan-2024_\u00a9Valeria-Beltrami-4-1-600x400.jpeg 600w\" sizes=\"(max-width: 1024px) 100vw, 1024px\" \/><\/figure>\n\n\n\n<figure class=\"wp-block-image size-large\"><img loading=\"lazy\" decoding=\"async\" width=\"1024\" height=\"683\" data-id=\"21137\" src=\"https:\/\/www.packaging-mag.com\/wp-content\/uploads\/2025\/03\/Packaging-Premiere-PCD-Milan-2024_\u00a9Valeria-Beltrami-9-1-1024x683.jpeg\" alt=\"\" class=\"wp-image-21137\" srcset=\"https:\/\/www.packaging-mag.com\/wp-content\/uploads\/2025\/03\/Packaging-Premiere-PCD-Milan-2024_\u00a9Valeria-Beltrami-9-1-1024x683.jpeg 1024w, https:\/\/www.packaging-mag.com\/wp-content\/uploads\/2025\/03\/Packaging-Premiere-PCD-Milan-2024_\u00a9Valeria-Beltrami-9-1-300x200.jpeg 300w, https:\/\/www.packaging-mag.com\/wp-content\/uploads\/2025\/03\/Packaging-Premiere-PCD-Milan-2024_\u00a9Valeria-Beltrami-9-1-768x512.jpeg 768w, https:\/\/www.packaging-mag.com\/wp-content\/uploads\/2025\/03\/Packaging-Premiere-PCD-Milan-2024_\u00a9Valeria-Beltrami-9-1-1536x1024.jpeg 1536w, https:\/\/www.packaging-mag.com\/wp-content\/uploads\/2025\/03\/Packaging-Premiere-PCD-Milan-2024_\u00a9Valeria-Beltrami-9-1-2048x1365.jpeg 2048w, https:\/\/www.packaging-mag.com\/wp-content\/uploads\/2025\/03\/Packaging-Premiere-PCD-Milan-2024_\u00a9Valeria-Beltrami-9-1-600x400.jpeg 600w\" sizes=\"(max-width: 1024px) 100vw, 1024px\" \/><\/figure>\n<\/figure>\n\n\n\n<p><\/p>\n\n\n\n<p>L\u2019iniziativa mira a premiare idee originali che possano ridefinire il modo in cui il packaging viene concepito. I progetti, valutati da una giuria di esperti altamente qualificati &#8211; che include Andrea Basile di BasileADV, Giuseppe Salerno di Resistenza Type Foundry, Davide Mosconi di Auge Design, Alejandra Rubio di GUESS Europe, Anna Pellizzari di Materially, Barbara Del Curto di Making Materials, Federica Brumen di Comieco, Roberto Della Rupe di Machina Lonati e Plus4 &#8211; potranno essere candidati per una delle seguenti categorie: design, materiali innovativi e sostenibilit\u00e0. I partecipanti possono inviare la candidatura per uno o pi\u00f9 progetti innovativi entro e non oltre il 3 febbraio 2025.<\/p>\n\n\n\n<p>Tutti i progetti scelti saranno esposti in una zona dedicata ad <strong>Avant-Garde<\/strong>, cos\u00ec da offrire ai visitatori l\u2019opportunit\u00e0 di apprezzare le innovazioni proposte. Inoltre, per ogni categoria verr\u00e0 individuato un vincitore, il quale ricever\u00e0 un premio in sala conferenze e contestualmente avr\u00e0 l\u2019occasione di presentare il proprio lavoro.<\/p>\n\n\n\n<p>Dopo il successo delle precedenti edizioni, torna il <strong>Design Hub,<\/strong> uno spazio dove \u00e8 possibile incontrare agenzie specializzate nel packaging design per favorire un legame tra creativit\u00e0 e innovazione, arte e tecnica, stile e ricercatezza e stimolare la creazione di partnership e relazioni durature.<\/p>\n\n\n\n<p>\u201cL\u2019edizione in programma a maggio 2025 promette di essere un\u2019esperienza dove innovazione, design e sostenibilit\u00e0 si incontrano per ridisegnare il futuro del packaging. Non vediamo l\u2019ora di accogliere tutti i visitatori e di esplorare insieme le nuove frontiere del packaging e del design, con una prospettiva sempre pi\u00f9 orientata alla sostenibilit\u00e0 e all\u2019eccellenza, grazie alla partecipazione dei migliori professionisti e delle aziende pi\u00f9 innovative, che contribuiscono a rendere Packaging Premi\u00e8re &amp; PCD Milan un contesto dinamico e stimolante\u201d, dichiara <strong>Lara Castagna, Head of Event Packaging Premi\u00e8re &amp; PCD Milan.<\/strong><\/p>\n\n\n\n<figure class=\"wp-block-image size-full is-resized\"><img loading=\"lazy\" decoding=\"async\" width=\"500\" height=\"200\" src=\"https:\/\/www.packaging-mag.com\/wp-content\/uploads\/2024\/01\/PP2022Weblogos2.jpg\" alt=\"\" class=\"wp-image-18939\" style=\"width:271px;height:auto\" srcset=\"https:\/\/www.packaging-mag.com\/wp-content\/uploads\/2024\/01\/PP2022Weblogos2.jpg 500w, https:\/\/www.packaging-mag.com\/wp-content\/uploads\/2024\/01\/PP2022Weblogos2-300x120.jpg 300w\" sizes=\"(max-width: 500px) 100vw, 500px\" \/><figcaption class=\"wp-element-caption\"><strong><a href=\"http:\/\/www.packagingpremiere.it\/\" target=\"_blank\" rel=\"noreferrer noopener\">www.packagingpremiere.it<\/a><\/strong><\/figcaption><\/figure>\n","protected":false},"excerpt":{"rendered":"<p>L\u2019appuntamento imperdibile dedicato al futuro del packaging interpretato attraverso design e immaginazione aumentata va in scena dal 13 al 15 maggio 2025&nbsp; I preparativi per l\u2019edizione 2025 di Packaging Premi\u00e8re &amp; PCD Milan sono in pieno svolgimento: a pochi mesi dall\u2019evento, si preannuncia un appuntamento ricco di novit\u00e0, grazie alla notevole qualit\u00e0 degli espositori, a [&hellip;]<\/p>\n","protected":false},"author":6,"featured_media":21137,"comment_status":"closed","ping_status":"closed","sticky":false,"template":"","format":"standard","meta":{"footnotes":""},"categories":[1584,910,1559,1409],"tags":[1129,1385,1560,1341,1331,2404],"class_list":["post-21136","post","type-post","status-publish","format-standard","has-post-thumbnail","hentry","category-confezionamento","category-cosmetica","category-fairs-and-exhibition-it","category-packaging","tag-confezionamento","tag-cosmetica","tag-fairs-and-exhibitions-it","tag-packaging-2","tag-packaging-premiere","tag-packaging-premiere-pcd-milan-2"],"yoast_head":"<!-- This site is optimized with the Yoast SEO plugin v27.2 - https:\/\/yoast.com\/product\/yoast-seo-wordpress\/ -->\n<title>Al via le registrazioni per Packaging Premi\u00e8re &amp; PCD Milan 2025 - Packaging International<\/title>\n<meta name=\"robots\" content=\"index, follow, max-snippet:-1, max-image-preview:large, max-video-preview:-1\" \/>\n<link rel=\"canonical\" href=\"https:\/\/www.packaging-mag.com\/it\/al-via-le-registrazioni-per-packaging-premiere-pcd-milan-2025\/\" \/>\n<meta property=\"og:locale\" content=\"it_IT\" \/>\n<meta property=\"og:type\" content=\"article\" \/>\n<meta property=\"og:title\" content=\"Al via le registrazioni per Packaging Premi\u00e8re &amp; PCD Milan 2025 - Packaging International\" \/>\n<meta property=\"og:description\" content=\"L\u2019appuntamento imperdibile dedicato al futuro del packaging interpretato attraverso design e immaginazione aumentata va in scena dal 13 al 15 maggio 2025&nbsp; I preparativi per l\u2019edizione 2025 di Packaging Premi\u00e8re &amp; PCD Milan sono in pieno svolgimento: a pochi mesi dall\u2019evento, si preannuncia un appuntamento ricco di novit\u00e0, grazie alla notevole qualit\u00e0 degli espositori, a [&hellip;]\" \/>\n<meta property=\"og:url\" content=\"https:\/\/www.packaging-mag.com\/it\/al-via-le-registrazioni-per-packaging-premiere-pcd-milan-2025\/\" \/>\n<meta property=\"og:site_name\" content=\"Packaging International\" \/>\n<meta property=\"article:published_time\" content=\"2025-03-27T07:26:55+00:00\" \/>\n<meta property=\"article:modified_time\" content=\"2025-03-27T07:26:57+00:00\" \/>\n<meta property=\"og:image\" content=\"https:\/\/www.packaging-mag.com\/wp-content\/uploads\/2025\/03\/Packaging-Premiere-PCD-Milan-2024_\u00a9Valeria-Beltrami-9-1-scaled.jpeg\" \/>\n\t<meta property=\"og:image:width\" content=\"2560\" \/>\n\t<meta property=\"og:image:height\" content=\"1707\" \/>\n\t<meta property=\"og:image:type\" content=\"image\/jpeg\" \/>\n<meta name=\"author\" content=\"Walter Zannoni\" \/>\n<meta name=\"twitter:card\" content=\"summary_large_image\" \/>\n<meta name=\"twitter:label1\" content=\"Scritto da\" \/>\n\t<meta name=\"twitter:data1\" content=\"Walter Zannoni\" \/>\n\t<meta name=\"twitter:label2\" content=\"Tempo di lettura stimato\" \/>\n\t<meta name=\"twitter:data2\" content=\"4 minuti\" \/>\n<script type=\"application\/ld+json\" class=\"yoast-schema-graph\">{\"@context\":\"https:\/\/schema.org\",\"@graph\":[{\"@type\":\"Article\",\"@id\":\"https:\/\/www.packaging-mag.com\/it\/al-via-le-registrazioni-per-packaging-premiere-pcd-milan-2025\/#article\",\"isPartOf\":{\"@id\":\"https:\/\/www.packaging-mag.com\/it\/al-via-le-registrazioni-per-packaging-premiere-pcd-milan-2025\/\"},\"author\":{\"name\":\"Walter Zannoni\",\"@id\":\"https:\/\/www.packaging-mag.com\/it\/#\/schema\/person\/d35ab98065730065b3060899c9745f04\"},\"headline\":\"Al via le registrazioni per Packaging Premi\u00e8re &amp; PCD Milan 2025\",\"datePublished\":\"2025-03-27T07:26:55+00:00\",\"dateModified\":\"2025-03-27T07:26:57+00:00\",\"mainEntityOfPage\":{\"@id\":\"https:\/\/www.packaging-mag.com\/it\/al-via-le-registrazioni-per-packaging-premiere-pcd-milan-2025\/\"},\"wordCount\":661,\"publisher\":{\"@id\":\"https:\/\/www.packaging-mag.com\/it\/#organization\"},\"image\":{\"@id\":\"https:\/\/www.packaging-mag.com\/it\/al-via-le-registrazioni-per-packaging-premiere-pcd-milan-2025\/#primaryimage\"},\"thumbnailUrl\":\"https:\/\/www.packaging-mag.com\/wp-content\/uploads\/2025\/03\/Packaging-Premiere-PCD-Milan-2024_\u00a9Valeria-Beltrami-9-1-scaled.jpeg\",\"keywords\":[\"confezionamento\",\"cosmetica\",\"Fairs and Exhibitions\",\"packaging\",\"Packaging Premi\u00e8re\",\"Packaging Premi\u00e8re &amp; PCD Milan\"],\"articleSection\":[\"Confezionamento\",\"Cosmetica\",\"Fairs and Exhibition\",\"Packaging\"],\"inLanguage\":\"it-IT\"},{\"@type\":\"WebPage\",\"@id\":\"https:\/\/www.packaging-mag.com\/it\/al-via-le-registrazioni-per-packaging-premiere-pcd-milan-2025\/\",\"url\":\"https:\/\/www.packaging-mag.com\/it\/al-via-le-registrazioni-per-packaging-premiere-pcd-milan-2025\/\",\"name\":\"Al via le registrazioni per Packaging Premi\u00e8re &amp; PCD Milan 2025 - Packaging International\",\"isPartOf\":{\"@id\":\"https:\/\/www.packaging-mag.com\/it\/#website\"},\"primaryImageOfPage\":{\"@id\":\"https:\/\/www.packaging-mag.com\/it\/al-via-le-registrazioni-per-packaging-premiere-pcd-milan-2025\/#primaryimage\"},\"image\":{\"@id\":\"https:\/\/www.packaging-mag.com\/it\/al-via-le-registrazioni-per-packaging-premiere-pcd-milan-2025\/#primaryimage\"},\"thumbnailUrl\":\"https:\/\/www.packaging-mag.com\/wp-content\/uploads\/2025\/03\/Packaging-Premiere-PCD-Milan-2024_\u00a9Valeria-Beltrami-9-1-scaled.jpeg\",\"datePublished\":\"2025-03-27T07:26:55+00:00\",\"dateModified\":\"2025-03-27T07:26:57+00:00\",\"breadcrumb\":{\"@id\":\"https:\/\/www.packaging-mag.com\/it\/al-via-le-registrazioni-per-packaging-premiere-pcd-milan-2025\/#breadcrumb\"},\"inLanguage\":\"it-IT\",\"potentialAction\":[{\"@type\":\"ReadAction\",\"target\":[\"https:\/\/www.packaging-mag.com\/it\/al-via-le-registrazioni-per-packaging-premiere-pcd-milan-2025\/\"]}]},{\"@type\":\"ImageObject\",\"inLanguage\":\"it-IT\",\"@id\":\"https:\/\/www.packaging-mag.com\/it\/al-via-le-registrazioni-per-packaging-premiere-pcd-milan-2025\/#primaryimage\",\"url\":\"https:\/\/www.packaging-mag.com\/wp-content\/uploads\/2025\/03\/Packaging-Premiere-PCD-Milan-2024_\u00a9Valeria-Beltrami-9-1-scaled.jpeg\",\"contentUrl\":\"https:\/\/www.packaging-mag.com\/wp-content\/uploads\/2025\/03\/Packaging-Premiere-PCD-Milan-2024_\u00a9Valeria-Beltrami-9-1-scaled.jpeg\",\"width\":2560,\"height\":1707},{\"@type\":\"BreadcrumbList\",\"@id\":\"https:\/\/www.packaging-mag.com\/it\/al-via-le-registrazioni-per-packaging-premiere-pcd-milan-2025\/#breadcrumb\",\"itemListElement\":[{\"@type\":\"ListItem\",\"position\":1,\"name\":\"Home\",\"item\":\"https:\/\/www.packaging-mag.com\/it\/\"},{\"@type\":\"ListItem\",\"position\":2,\"name\":\"Al via le registrazioni per Packaging Premi\u00e8re &amp; PCD Milan 2025\"}]},{\"@type\":\"WebSite\",\"@id\":\"https:\/\/www.packaging-mag.com\/it\/#website\",\"url\":\"https:\/\/www.packaging-mag.com\/it\/\",\"name\":\"Packaging International\",\"description\":\"All for packaging\",\"publisher\":{\"@id\":\"https:\/\/www.packaging-mag.com\/it\/#organization\"},\"potentialAction\":[{\"@type\":\"SearchAction\",\"target\":{\"@type\":\"EntryPoint\",\"urlTemplate\":\"https:\/\/www.packaging-mag.com\/it\/?s={search_term_string}\"},\"query-input\":{\"@type\":\"PropertyValueSpecification\",\"valueRequired\":true,\"valueName\":\"search_term_string\"}}],\"inLanguage\":\"it-IT\"},{\"@type\":\"Organization\",\"@id\":\"https:\/\/www.packaging-mag.com\/it\/#organization\",\"name\":\"Editrice Zeus Sas\",\"url\":\"https:\/\/www.packaging-mag.com\/it\/\",\"logo\":{\"@type\":\"ImageObject\",\"inLanguage\":\"it-IT\",\"@id\":\"https:\/\/www.packaging-mag.com\/it\/#\/schema\/logo\/image\/\",\"url\":\"https:\/\/www.packaging-mag.com\/wp-content\/uploads\/2020\/02\/PACKAGING-INTERNATIONAL_editrice.png\",\"contentUrl\":\"https:\/\/www.packaging-mag.com\/wp-content\/uploads\/2020\/02\/PACKAGING-INTERNATIONAL_editrice.png\",\"width\":5020,\"height\":1205,\"caption\":\"Editrice Zeus Sas\"},\"image\":{\"@id\":\"https:\/\/www.packaging-mag.com\/it\/#\/schema\/logo\/image\/\"}},{\"@type\":\"Person\",\"@id\":\"https:\/\/www.packaging-mag.com\/it\/#\/schema\/person\/d35ab98065730065b3060899c9745f04\",\"name\":\"Walter Zannoni\",\"image\":{\"@type\":\"ImageObject\",\"inLanguage\":\"it-IT\",\"@id\":\"https:\/\/secure.gravatar.com\/avatar\/2568092636a116620ad966ce2cb1f73e997ff95c7255a63622ebdd412a9b76af?s=96&d=mm&r=g\",\"url\":\"https:\/\/secure.gravatar.com\/avatar\/2568092636a116620ad966ce2cb1f73e997ff95c7255a63622ebdd412a9b76af?s=96&d=mm&r=g\",\"contentUrl\":\"https:\/\/secure.gravatar.com\/avatar\/2568092636a116620ad966ce2cb1f73e997ff95c7255a63622ebdd412a9b76af?s=96&d=mm&r=g\",\"caption\":\"Walter Zannoni\"}}]}<\/script>\n<!-- \/ Yoast SEO plugin. -->","yoast_head_json":{"title":"Al via le registrazioni per Packaging Premi\u00e8re &amp; PCD Milan 2025 - Packaging International","robots":{"index":"index","follow":"follow","max-snippet":"max-snippet:-1","max-image-preview":"max-image-preview:large","max-video-preview":"max-video-preview:-1"},"canonical":"https:\/\/www.packaging-mag.com\/it\/al-via-le-registrazioni-per-packaging-premiere-pcd-milan-2025\/","og_locale":"it_IT","og_type":"article","og_title":"Al via le registrazioni per Packaging Premi\u00e8re &amp; PCD Milan 2025 - Packaging International","og_description":"L\u2019appuntamento imperdibile dedicato al futuro del packaging interpretato attraverso design e immaginazione aumentata va in scena dal 13 al 15 maggio 2025&nbsp; I preparativi per l\u2019edizione 2025 di Packaging Premi\u00e8re &amp; PCD Milan sono in pieno svolgimento: a pochi mesi dall\u2019evento, si preannuncia un appuntamento ricco di novit\u00e0, grazie alla notevole qualit\u00e0 degli espositori, a [&hellip;]","og_url":"https:\/\/www.packaging-mag.com\/it\/al-via-le-registrazioni-per-packaging-premiere-pcd-milan-2025\/","og_site_name":"Packaging International","article_published_time":"2025-03-27T07:26:55+00:00","article_modified_time":"2025-03-27T07:26:57+00:00","og_image":[{"width":2560,"height":1707,"url":"https:\/\/www.packaging-mag.com\/wp-content\/uploads\/2025\/03\/Packaging-Premiere-PCD-Milan-2024_\u00a9Valeria-Beltrami-9-1-scaled.jpeg","type":"image\/jpeg"}],"author":"Walter Zannoni","twitter_card":"summary_large_image","twitter_misc":{"Scritto da":"Walter Zannoni","Tempo di lettura stimato":"4 minuti"},"schema":{"@context":"https:\/\/schema.org","@graph":[{"@type":"Article","@id":"https:\/\/www.packaging-mag.com\/it\/al-via-le-registrazioni-per-packaging-premiere-pcd-milan-2025\/#article","isPartOf":{"@id":"https:\/\/www.packaging-mag.com\/it\/al-via-le-registrazioni-per-packaging-premiere-pcd-milan-2025\/"},"author":{"name":"Walter Zannoni","@id":"https:\/\/www.packaging-mag.com\/it\/#\/schema\/person\/d35ab98065730065b3060899c9745f04"},"headline":"Al via le registrazioni per Packaging Premi\u00e8re &amp; PCD Milan 2025","datePublished":"2025-03-27T07:26:55+00:00","dateModified":"2025-03-27T07:26:57+00:00","mainEntityOfPage":{"@id":"https:\/\/www.packaging-mag.com\/it\/al-via-le-registrazioni-per-packaging-premiere-pcd-milan-2025\/"},"wordCount":661,"publisher":{"@id":"https:\/\/www.packaging-mag.com\/it\/#organization"},"image":{"@id":"https:\/\/www.packaging-mag.com\/it\/al-via-le-registrazioni-per-packaging-premiere-pcd-milan-2025\/#primaryimage"},"thumbnailUrl":"https:\/\/www.packaging-mag.com\/wp-content\/uploads\/2025\/03\/Packaging-Premiere-PCD-Milan-2024_\u00a9Valeria-Beltrami-9-1-scaled.jpeg","keywords":["confezionamento","cosmetica","Fairs and Exhibitions","packaging","Packaging Premi\u00e8re","Packaging Premi\u00e8re &amp; PCD Milan"],"articleSection":["Confezionamento","Cosmetica","Fairs and Exhibition","Packaging"],"inLanguage":"it-IT"},{"@type":"WebPage","@id":"https:\/\/www.packaging-mag.com\/it\/al-via-le-registrazioni-per-packaging-premiere-pcd-milan-2025\/","url":"https:\/\/www.packaging-mag.com\/it\/al-via-le-registrazioni-per-packaging-premiere-pcd-milan-2025\/","name":"Al via le registrazioni per Packaging Premi\u00e8re &amp; PCD Milan 2025 - Packaging International","isPartOf":{"@id":"https:\/\/www.packaging-mag.com\/it\/#website"},"primaryImageOfPage":{"@id":"https:\/\/www.packaging-mag.com\/it\/al-via-le-registrazioni-per-packaging-premiere-pcd-milan-2025\/#primaryimage"},"image":{"@id":"https:\/\/www.packaging-mag.com\/it\/al-via-le-registrazioni-per-packaging-premiere-pcd-milan-2025\/#primaryimage"},"thumbnailUrl":"https:\/\/www.packaging-mag.com\/wp-content\/uploads\/2025\/03\/Packaging-Premiere-PCD-Milan-2024_\u00a9Valeria-Beltrami-9-1-scaled.jpeg","datePublished":"2025-03-27T07:26:55+00:00","dateModified":"2025-03-27T07:26:57+00:00","breadcrumb":{"@id":"https:\/\/www.packaging-mag.com\/it\/al-via-le-registrazioni-per-packaging-premiere-pcd-milan-2025\/#breadcrumb"},"inLanguage":"it-IT","potentialAction":[{"@type":"ReadAction","target":["https:\/\/www.packaging-mag.com\/it\/al-via-le-registrazioni-per-packaging-premiere-pcd-milan-2025\/"]}]},{"@type":"ImageObject","inLanguage":"it-IT","@id":"https:\/\/www.packaging-mag.com\/it\/al-via-le-registrazioni-per-packaging-premiere-pcd-milan-2025\/#primaryimage","url":"https:\/\/www.packaging-mag.com\/wp-content\/uploads\/2025\/03\/Packaging-Premiere-PCD-Milan-2024_\u00a9Valeria-Beltrami-9-1-scaled.jpeg","contentUrl":"https:\/\/www.packaging-mag.com\/wp-content\/uploads\/2025\/03\/Packaging-Premiere-PCD-Milan-2024_\u00a9Valeria-Beltrami-9-1-scaled.jpeg","width":2560,"height":1707},{"@type":"BreadcrumbList","@id":"https:\/\/www.packaging-mag.com\/it\/al-via-le-registrazioni-per-packaging-premiere-pcd-milan-2025\/#breadcrumb","itemListElement":[{"@type":"ListItem","position":1,"name":"Home","item":"https:\/\/www.packaging-mag.com\/it\/"},{"@type":"ListItem","position":2,"name":"Al via le registrazioni per Packaging Premi\u00e8re &amp; PCD Milan 2025"}]},{"@type":"WebSite","@id":"https:\/\/www.packaging-mag.com\/it\/#website","url":"https:\/\/www.packaging-mag.com\/it\/","name":"Packaging International","description":"All for packaging","publisher":{"@id":"https:\/\/www.packaging-mag.com\/it\/#organization"},"potentialAction":[{"@type":"SearchAction","target":{"@type":"EntryPoint","urlTemplate":"https:\/\/www.packaging-mag.com\/it\/?s={search_term_string}"},"query-input":{"@type":"PropertyValueSpecification","valueRequired":true,"valueName":"search_term_string"}}],"inLanguage":"it-IT"},{"@type":"Organization","@id":"https:\/\/www.packaging-mag.com\/it\/#organization","name":"Editrice Zeus Sas","url":"https:\/\/www.packaging-mag.com\/it\/","logo":{"@type":"ImageObject","inLanguage":"it-IT","@id":"https:\/\/www.packaging-mag.com\/it\/#\/schema\/logo\/image\/","url":"https:\/\/www.packaging-mag.com\/wp-content\/uploads\/2020\/02\/PACKAGING-INTERNATIONAL_editrice.png","contentUrl":"https:\/\/www.packaging-mag.com\/wp-content\/uploads\/2020\/02\/PACKAGING-INTERNATIONAL_editrice.png","width":5020,"height":1205,"caption":"Editrice Zeus Sas"},"image":{"@id":"https:\/\/www.packaging-mag.com\/it\/#\/schema\/logo\/image\/"}},{"@type":"Person","@id":"https:\/\/www.packaging-mag.com\/it\/#\/schema\/person\/d35ab98065730065b3060899c9745f04","name":"Walter Zannoni","image":{"@type":"ImageObject","inLanguage":"it-IT","@id":"https:\/\/secure.gravatar.com\/avatar\/2568092636a116620ad966ce2cb1f73e997ff95c7255a63622ebdd412a9b76af?s=96&d=mm&r=g","url":"https:\/\/secure.gravatar.com\/avatar\/2568092636a116620ad966ce2cb1f73e997ff95c7255a63622ebdd412a9b76af?s=96&d=mm&r=g","contentUrl":"https:\/\/secure.gravatar.com\/avatar\/2568092636a116620ad966ce2cb1f73e997ff95c7255a63622ebdd412a9b76af?s=96&d=mm&r=g","caption":"Walter Zannoni"}}]}},"_links":{"self":[{"href":"https:\/\/www.packaging-mag.com\/it\/wp-json\/wp\/v2\/posts\/21136","targetHints":{"allow":["GET"]}}],"collection":[{"href":"https:\/\/www.packaging-mag.com\/it\/wp-json\/wp\/v2\/posts"}],"about":[{"href":"https:\/\/www.packaging-mag.com\/it\/wp-json\/wp\/v2\/types\/post"}],"author":[{"embeddable":true,"href":"https:\/\/www.packaging-mag.com\/it\/wp-json\/wp\/v2\/users\/6"}],"replies":[{"embeddable":true,"href":"https:\/\/www.packaging-mag.com\/it\/wp-json\/wp\/v2\/comments?post=21136"}],"version-history":[{"count":0,"href":"https:\/\/www.packaging-mag.com\/it\/wp-json\/wp\/v2\/posts\/21136\/revisions"}],"wp:featuredmedia":[{"embeddable":true,"href":"https:\/\/www.packaging-mag.com\/it\/wp-json\/wp\/v2\/media\/21137"}],"wp:attachment":[{"href":"https:\/\/www.packaging-mag.com\/it\/wp-json\/wp\/v2\/media?parent=21136"}],"wp:term":[{"taxonomy":"category","embeddable":true,"href":"https:\/\/www.packaging-mag.com\/it\/wp-json\/wp\/v2\/categories?post=21136"},{"taxonomy":"post_tag","embeddable":true,"href":"https:\/\/www.packaging-mag.com\/it\/wp-json\/wp\/v2\/tags?post=21136"}],"curies":[{"name":"wp","href":"https:\/\/api.w.org\/{rel}","templated":true}]}}