{"id":21098,"date":"2025-03-24T10:08:32","date_gmt":"2025-03-24T09:08:32","guid":{"rendered":"https:\/\/www.packaging-mag.com\/?p=21098"},"modified":"2025-03-24T10:08:33","modified_gmt":"2025-03-24T09:08:33","slug":"etichettatrici-innovative-per-lindustria-cosmetica-2","status":"publish","type":"post","link":"https:\/\/www.packaging-mag.com\/it\/etichettatrici-innovative-per-lindustria-cosmetica-2\/","title":{"rendered":"Etichettatrici innovative per l\u2019industria cosmetica"},"content":{"rendered":"\n<p>E\u2019 noto come nel mercato dei prodotti dedicati al <strong>personal-care<\/strong>, le caratteristiche del <strong>packaging<\/strong> siano spesso appannaggio esclusivo degli uffici marketing, che giustamente vedono nel design delle confezioni un mezzo di primaria importanza per il riconoscimento e la promozione dei prodotti.<\/p>\n\n\n\n<p>Cio si traduce spesso in una grande variet\u00e0 di forma e dimensioni di flaconi, bottiglie o vasetti che contengono il prodotto, e che l\u2019azienda cosmetica deve gestire.<\/p>\n\n\n\n<p>Questo condiziona a sua volta gli aspetti tecnici riguardanti le linee di produzione e confezionamento, dal riempimento fino alla fase cruciale dell\u2019etichettatura, laddove si materializza l\u2019immagine finale del prodotto.<\/p>\n\n\n\n<p>Le esigenze di automazione delle fasi di <strong>imballaggio<\/strong> devono quindi fare i conti con molteplici formati, anche molto diversi, che la linea di confezionamento deve trattare, che si differenziano sia per dimensione del flacone, sia per forma\/materiale\/caratteristiche del contenitore.<\/p>\n\n\n\n<figure class=\"wp-block-image size-large\"><img fetchpriority=\"high\" decoding=\"async\" width=\"1024\" height=\"576\" src=\"https:\/\/www.packaging-mag.com\/wp-content\/uploads\/2023\/02\/ALLINE-E-COSMETICI-ALTECH-1-1024x576.png\" alt=\"\" class=\"wp-image-17386\" srcset=\"https:\/\/www.packaging-mag.com\/wp-content\/uploads\/2023\/02\/ALLINE-E-COSMETICI-ALTECH-1-1024x576.png 1024w, https:\/\/www.packaging-mag.com\/wp-content\/uploads\/2023\/02\/ALLINE-E-COSMETICI-ALTECH-1-300x169.png 300w, https:\/\/www.packaging-mag.com\/wp-content\/uploads\/2023\/02\/ALLINE-E-COSMETICI-ALTECH-1-768x432.png 768w, https:\/\/www.packaging-mag.com\/wp-content\/uploads\/2023\/02\/ALLINE-E-COSMETICI-ALTECH-1-1536x864.png 1536w, https:\/\/www.packaging-mag.com\/wp-content\/uploads\/2023\/02\/ALLINE-E-COSMETICI-ALTECH-1-150x85.png 150w, https:\/\/www.packaging-mag.com\/wp-content\/uploads\/2023\/02\/ALLINE-E-COSMETICI-ALTECH-1-1920x1080.png 1920w, https:\/\/www.packaging-mag.com\/wp-content\/uploads\/2023\/02\/ALLINE-E-COSMETICI-ALTECH-1-600x338.png 600w, https:\/\/www.packaging-mag.com\/wp-content\/uploads\/2023\/02\/ALLINE-E-COSMETICI-ALTECH-1.png 1930w\" sizes=\"(max-width: 1024px) 100vw, 1024px\" \/><figcaption class=\"wp-element-caption\"><strong><em><a href=\"http:\/\/www.altech.it\/\" target=\"_blank\" rel=\"noreferrer noopener\">ALTECH<\/a> presenta l\u2019etichettatrice lineare ALline E\/C, specificatamente sviluppata per prodotti cosmetici.<\/em><\/strong><\/figcaption><\/figure>\n\n\n\n<p><\/p>\n\n\n\n<p>Ebbene, dinnanzi a queste esigenze tipiche dell\u2019industria cosmetica ALtech ha presentato <strong>ALline E\/C, un sistema lineare di etichettatura autoadesiva, in grado di etichettare fronte, retro e avvolgente flaconi <\/strong>di vario genere: ellittici, cilindrici, piatti di varia foggia e dimensione, anche con facce inclinate.<\/p>\n\n\n\n<p>Il sistema \u00e8 stato concepito ponendo la semplicit\u00e0 di utilizzo come il primo obbietto progettuale, semplicit\u00e0 da conseguirsi anche nelle operazioni di cambio formato.<\/p>\n\n\n\n<p>Il risultato \u00e8 un sistema di etichettatura estremamente ergonomico, con tutte le regolazioni dotate di viti e volantini ad azionamento \u201cmorbido\u201d, equipaggiate di serie di contagiri digitali per garantire un\u2019accurata ripetibilit\u00e0 di posizionamento.<\/p>\n\n\n\n<p>Il sistema include gruppi \u201c<strong>inclinazione<\/strong>\u201d delle testate per correggere facilmente eventuali inclinazioni dell\u2019etichetta, anch\u2019essi dotati di posizionatori digitali. La gestione dell\u2019etichettatrice ALline E\/C \u00e8 affidata ad un potente <strong>PLC<\/strong>, che controlla tutte le funzioni della macchina, inclusa la sincronizzazione di tutti i dispositivi, che possono cosi inseguire all\u2019unisono eventuali cambi di velocit\u00e0 richiesti dall\u2019operatore.<\/p>\n\n\n\n<p>Il PLC consente anche all\u2019operatore di controllare il funzionamento dell\u2019intero sistema tramite un unico display touch screen, montato su una consolle rotante accessibile da ogni lato della macchina.<\/p>\n\n\n\n<p>Esso permette di registrare in ricetta le posizioni di ogni dispositivo, in modo che siano automaticamente richiamate al cambio di formato, e garantisce la ripetibilit\u00e0 delle regolazioni anche in presenza di pi\u00f9 operatori presenti in tempi differenti.<\/p>\n\n\n\n<p>In opzione \u00e8 possibile anche motorizzare i movimenti dei volantini, in modo che il cambio formato avvenga in modo completamente automatico, alla semplice pressione di un tasto.<\/p>\n\n\n\n<p>Le prestazioni sono di tutto rispetto: 100-150 prodotti\/min, a seconda del formato, sono cadenze \u201cdi crociera\u201d per il sistemi <strong>ALline E\/C di ALTECH<\/strong>, e senza compromessi sulla qualit\u00e0 e l\u2019accuratezza di etichettatura.<\/p>\n\n\n\n<p><strong>Per maggiori informazioni <a href=\"http:\/\/info@altech.it\" target=\"_blank\" rel=\"noreferrer noopener\">info@altech.it <\/a>\u2013 <a href=\"http:\/\/www.altech.it\" target=\"_blank\" rel=\"noreferrer noopener\">www.altech.it<\/a><\/strong><\/p>\n\n\n\n<figure class=\"wp-block-image size-large is-resized\"><img decoding=\"async\" width=\"1024\" height=\"532\" src=\"https:\/\/www.packaging-mag.com\/wp-content\/uploads\/2025\/02\/LOGO-ALTECH-CMYK-1024x532.jpg\" alt=\"\" class=\"wp-image-20981\" style=\"width:223px;height:auto\" srcset=\"https:\/\/www.packaging-mag.com\/wp-content\/uploads\/2025\/02\/LOGO-ALTECH-CMYK-1024x532.jpg 1024w, https:\/\/www.packaging-mag.com\/wp-content\/uploads\/2025\/02\/LOGO-ALTECH-CMYK-300x156.jpg 300w, https:\/\/www.packaging-mag.com\/wp-content\/uploads\/2025\/02\/LOGO-ALTECH-CMYK-768x399.jpg 768w, https:\/\/www.packaging-mag.com\/wp-content\/uploads\/2025\/02\/LOGO-ALTECH-CMYK-1536x798.jpg 1536w, https:\/\/www.packaging-mag.com\/wp-content\/uploads\/2025\/02\/LOGO-ALTECH-CMYK-2048x1064.jpg 2048w, https:\/\/www.packaging-mag.com\/wp-content\/uploads\/2025\/02\/LOGO-ALTECH-CMYK-600x312.jpg 600w\" sizes=\"(max-width: 1024px) 100vw, 1024px\" \/><\/figure>\n\n\n\n<p><\/p>\n","protected":false},"excerpt":{"rendered":"<p>E\u2019 noto come nel mercato dei prodotti dedicati al personal-care, le caratteristiche del packaging siano spesso appannaggio esclusivo degli uffici marketing, che giustamente vedono nel design delle confezioni un mezzo di primaria importanza per il riconoscimento e la promozione dei prodotti. Cio si traduce spesso in una grande variet\u00e0 di forma e dimensioni di flaconi, [&hellip;]<\/p>\n","protected":false},"author":6,"featured_media":17386,"comment_status":"closed","ping_status":"closed","sticky":false,"template":"","format":"standard","meta":{"footnotes":""},"categories":[1584],"tags":[1371,2392,1129,1385,1283,1126,1341,2393,2391],"class_list":["post-21098","post","type-post","status-publish","format-standard","has-post-thumbnail","hentry","category-confezionamento","tag-altech-it","tag-bevande","tag-confezionamento","tag-cosmetica","tag-etichettatrici","tag-imballaggi","tag-packaging-2","tag-personal-care-2","tag-pet-food-3"],"yoast_head":"<!-- This site is optimized with the Yoast SEO plugin v27.2 - https:\/\/yoast.com\/product\/yoast-seo-wordpress\/ -->\n<title>Etichettatrici innovative per l\u2019industria cosmetica - Packaging International<\/title>\n<meta name=\"robots\" content=\"index, follow, max-snippet:-1, max-image-preview:large, max-video-preview:-1\" \/>\n<link rel=\"canonical\" href=\"https:\/\/www.packaging-mag.com\/it\/etichettatrici-innovative-per-lindustria-cosmetica-2\/\" \/>\n<meta property=\"og:locale\" content=\"it_IT\" \/>\n<meta property=\"og:type\" content=\"article\" \/>\n<meta property=\"og:title\" content=\"Etichettatrici innovative per l\u2019industria cosmetica - Packaging International\" \/>\n<meta property=\"og:description\" content=\"E\u2019 noto come nel mercato dei prodotti dedicati al personal-care, le caratteristiche del packaging siano spesso appannaggio esclusivo degli uffici marketing, che giustamente vedono nel design delle confezioni un mezzo di primaria importanza per il riconoscimento e la promozione dei prodotti. Cio si traduce spesso in una grande variet\u00e0 di forma e dimensioni di flaconi, [&hellip;]\" \/>\n<meta property=\"og:url\" content=\"https:\/\/www.packaging-mag.com\/it\/etichettatrici-innovative-per-lindustria-cosmetica-2\/\" \/>\n<meta property=\"og:site_name\" content=\"Packaging International\" \/>\n<meta property=\"article:published_time\" content=\"2025-03-24T09:08:32+00:00\" \/>\n<meta property=\"article:modified_time\" content=\"2025-03-24T09:08:33+00:00\" \/>\n<meta property=\"og:image\" content=\"https:\/\/www.packaging-mag.com\/wp-content\/uploads\/2023\/02\/ALLINE-E-COSMETICI-ALTECH-1-e1675330095799.png\" \/>\n\t<meta property=\"og:image:width\" content=\"1930\" \/>\n\t<meta property=\"og:image:height\" content=\"1086\" \/>\n\t<meta property=\"og:image:type\" content=\"image\/png\" \/>\n<meta name=\"author\" content=\"Walter Zannoni\" \/>\n<meta name=\"twitter:card\" content=\"summary_large_image\" \/>\n<meta name=\"twitter:label1\" content=\"Scritto da\" \/>\n\t<meta name=\"twitter:data1\" content=\"Walter Zannoni\" \/>\n\t<meta name=\"twitter:label2\" content=\"Tempo di lettura stimato\" \/>\n\t<meta name=\"twitter:data2\" content=\"3 minuti\" \/>\n<script type=\"application\/ld+json\" class=\"yoast-schema-graph\">{\"@context\":\"https:\/\/schema.org\",\"@graph\":[{\"@type\":\"Article\",\"@id\":\"https:\/\/www.packaging-mag.com\/it\/etichettatrici-innovative-per-lindustria-cosmetica-2\/#article\",\"isPartOf\":{\"@id\":\"https:\/\/www.packaging-mag.com\/it\/etichettatrici-innovative-per-lindustria-cosmetica-2\/\"},\"author\":{\"name\":\"Walter Zannoni\",\"@id\":\"https:\/\/www.packaging-mag.com\/it\/#\/schema\/person\/d35ab98065730065b3060899c9745f04\"},\"headline\":\"Etichettatrici innovative per l\u2019industria cosmetica\",\"datePublished\":\"2025-03-24T09:08:32+00:00\",\"dateModified\":\"2025-03-24T09:08:33+00:00\",\"mainEntityOfPage\":{\"@id\":\"https:\/\/www.packaging-mag.com\/it\/etichettatrici-innovative-per-lindustria-cosmetica-2\/\"},\"wordCount\":457,\"publisher\":{\"@id\":\"https:\/\/www.packaging-mag.com\/it\/#organization\"},\"image\":{\"@id\":\"https:\/\/www.packaging-mag.com\/it\/etichettatrici-innovative-per-lindustria-cosmetica-2\/#primaryimage\"},\"thumbnailUrl\":\"https:\/\/www.packaging-mag.com\/wp-content\/uploads\/2023\/02\/ALLINE-E-COSMETICI-ALTECH-1-e1675330095799.png\",\"keywords\":[\"Altech\",\"Bevande\",\"confezionamento\",\"cosmetica\",\"Etichettatrici\",\"Imballaggi\",\"packaging\",\"personal care\",\"Pet Food\"],\"articleSection\":[\"Confezionamento\"],\"inLanguage\":\"it-IT\"},{\"@type\":\"WebPage\",\"@id\":\"https:\/\/www.packaging-mag.com\/it\/etichettatrici-innovative-per-lindustria-cosmetica-2\/\",\"url\":\"https:\/\/www.packaging-mag.com\/it\/etichettatrici-innovative-per-lindustria-cosmetica-2\/\",\"name\":\"Etichettatrici innovative per l\u2019industria cosmetica - Packaging International\",\"isPartOf\":{\"@id\":\"https:\/\/www.packaging-mag.com\/it\/#website\"},\"primaryImageOfPage\":{\"@id\":\"https:\/\/www.packaging-mag.com\/it\/etichettatrici-innovative-per-lindustria-cosmetica-2\/#primaryimage\"},\"image\":{\"@id\":\"https:\/\/www.packaging-mag.com\/it\/etichettatrici-innovative-per-lindustria-cosmetica-2\/#primaryimage\"},\"thumbnailUrl\":\"https:\/\/www.packaging-mag.com\/wp-content\/uploads\/2023\/02\/ALLINE-E-COSMETICI-ALTECH-1-e1675330095799.png\",\"datePublished\":\"2025-03-24T09:08:32+00:00\",\"dateModified\":\"2025-03-24T09:08:33+00:00\",\"breadcrumb\":{\"@id\":\"https:\/\/www.packaging-mag.com\/it\/etichettatrici-innovative-per-lindustria-cosmetica-2\/#breadcrumb\"},\"inLanguage\":\"it-IT\",\"potentialAction\":[{\"@type\":\"ReadAction\",\"target\":[\"https:\/\/www.packaging-mag.com\/it\/etichettatrici-innovative-per-lindustria-cosmetica-2\/\"]}]},{\"@type\":\"ImageObject\",\"inLanguage\":\"it-IT\",\"@id\":\"https:\/\/www.packaging-mag.com\/it\/etichettatrici-innovative-per-lindustria-cosmetica-2\/#primaryimage\",\"url\":\"https:\/\/www.packaging-mag.com\/wp-content\/uploads\/2023\/02\/ALLINE-E-COSMETICI-ALTECH-1-e1675330095799.png\",\"contentUrl\":\"https:\/\/www.packaging-mag.com\/wp-content\/uploads\/2023\/02\/ALLINE-E-COSMETICI-ALTECH-1-e1675330095799.png\",\"width\":1930,\"height\":1086},{\"@type\":\"BreadcrumbList\",\"@id\":\"https:\/\/www.packaging-mag.com\/it\/etichettatrici-innovative-per-lindustria-cosmetica-2\/#breadcrumb\",\"itemListElement\":[{\"@type\":\"ListItem\",\"position\":1,\"name\":\"Home\",\"item\":\"https:\/\/www.packaging-mag.com\/it\/\"},{\"@type\":\"ListItem\",\"position\":2,\"name\":\"Etichettatrici innovative per l\u2019industria cosmetica\"}]},{\"@type\":\"WebSite\",\"@id\":\"https:\/\/www.packaging-mag.com\/it\/#website\",\"url\":\"https:\/\/www.packaging-mag.com\/it\/\",\"name\":\"Packaging International\",\"description\":\"All for packaging\",\"publisher\":{\"@id\":\"https:\/\/www.packaging-mag.com\/it\/#organization\"},\"potentialAction\":[{\"@type\":\"SearchAction\",\"target\":{\"@type\":\"EntryPoint\",\"urlTemplate\":\"https:\/\/www.packaging-mag.com\/it\/?s={search_term_string}\"},\"query-input\":{\"@type\":\"PropertyValueSpecification\",\"valueRequired\":true,\"valueName\":\"search_term_string\"}}],\"inLanguage\":\"it-IT\"},{\"@type\":\"Organization\",\"@id\":\"https:\/\/www.packaging-mag.com\/it\/#organization\",\"name\":\"Editrice Zeus Sas\",\"url\":\"https:\/\/www.packaging-mag.com\/it\/\",\"logo\":{\"@type\":\"ImageObject\",\"inLanguage\":\"it-IT\",\"@id\":\"https:\/\/www.packaging-mag.com\/it\/#\/schema\/logo\/image\/\",\"url\":\"https:\/\/www.packaging-mag.com\/wp-content\/uploads\/2020\/02\/PACKAGING-INTERNATIONAL_editrice.png\",\"contentUrl\":\"https:\/\/www.packaging-mag.com\/wp-content\/uploads\/2020\/02\/PACKAGING-INTERNATIONAL_editrice.png\",\"width\":5020,\"height\":1205,\"caption\":\"Editrice Zeus Sas\"},\"image\":{\"@id\":\"https:\/\/www.packaging-mag.com\/it\/#\/schema\/logo\/image\/\"}},{\"@type\":\"Person\",\"@id\":\"https:\/\/www.packaging-mag.com\/it\/#\/schema\/person\/d35ab98065730065b3060899c9745f04\",\"name\":\"Walter Zannoni\",\"image\":{\"@type\":\"ImageObject\",\"inLanguage\":\"it-IT\",\"@id\":\"https:\/\/secure.gravatar.com\/avatar\/2568092636a116620ad966ce2cb1f73e997ff95c7255a63622ebdd412a9b76af?s=96&d=mm&r=g\",\"url\":\"https:\/\/secure.gravatar.com\/avatar\/2568092636a116620ad966ce2cb1f73e997ff95c7255a63622ebdd412a9b76af?s=96&d=mm&r=g\",\"contentUrl\":\"https:\/\/secure.gravatar.com\/avatar\/2568092636a116620ad966ce2cb1f73e997ff95c7255a63622ebdd412a9b76af?s=96&d=mm&r=g\",\"caption\":\"Walter Zannoni\"}}]}<\/script>\n<!-- \/ Yoast SEO plugin. -->","yoast_head_json":{"title":"Etichettatrici innovative per l\u2019industria cosmetica - Packaging International","robots":{"index":"index","follow":"follow","max-snippet":"max-snippet:-1","max-image-preview":"max-image-preview:large","max-video-preview":"max-video-preview:-1"},"canonical":"https:\/\/www.packaging-mag.com\/it\/etichettatrici-innovative-per-lindustria-cosmetica-2\/","og_locale":"it_IT","og_type":"article","og_title":"Etichettatrici innovative per l\u2019industria cosmetica - Packaging International","og_description":"E\u2019 noto come nel mercato dei prodotti dedicati al personal-care, le caratteristiche del packaging siano spesso appannaggio esclusivo degli uffici marketing, che giustamente vedono nel design delle confezioni un mezzo di primaria importanza per il riconoscimento e la promozione dei prodotti. Cio si traduce spesso in una grande variet\u00e0 di forma e dimensioni di flaconi, [&hellip;]","og_url":"https:\/\/www.packaging-mag.com\/it\/etichettatrici-innovative-per-lindustria-cosmetica-2\/","og_site_name":"Packaging International","article_published_time":"2025-03-24T09:08:32+00:00","article_modified_time":"2025-03-24T09:08:33+00:00","og_image":[{"width":1930,"height":1086,"url":"https:\/\/www.packaging-mag.com\/wp-content\/uploads\/2023\/02\/ALLINE-E-COSMETICI-ALTECH-1-e1675330095799.png","type":"image\/png"}],"author":"Walter Zannoni","twitter_card":"summary_large_image","twitter_misc":{"Scritto da":"Walter Zannoni","Tempo di lettura stimato":"3 minuti"},"schema":{"@context":"https:\/\/schema.org","@graph":[{"@type":"Article","@id":"https:\/\/www.packaging-mag.com\/it\/etichettatrici-innovative-per-lindustria-cosmetica-2\/#article","isPartOf":{"@id":"https:\/\/www.packaging-mag.com\/it\/etichettatrici-innovative-per-lindustria-cosmetica-2\/"},"author":{"name":"Walter Zannoni","@id":"https:\/\/www.packaging-mag.com\/it\/#\/schema\/person\/d35ab98065730065b3060899c9745f04"},"headline":"Etichettatrici innovative per l\u2019industria cosmetica","datePublished":"2025-03-24T09:08:32+00:00","dateModified":"2025-03-24T09:08:33+00:00","mainEntityOfPage":{"@id":"https:\/\/www.packaging-mag.com\/it\/etichettatrici-innovative-per-lindustria-cosmetica-2\/"},"wordCount":457,"publisher":{"@id":"https:\/\/www.packaging-mag.com\/it\/#organization"},"image":{"@id":"https:\/\/www.packaging-mag.com\/it\/etichettatrici-innovative-per-lindustria-cosmetica-2\/#primaryimage"},"thumbnailUrl":"https:\/\/www.packaging-mag.com\/wp-content\/uploads\/2023\/02\/ALLINE-E-COSMETICI-ALTECH-1-e1675330095799.png","keywords":["Altech","Bevande","confezionamento","cosmetica","Etichettatrici","Imballaggi","packaging","personal care","Pet Food"],"articleSection":["Confezionamento"],"inLanguage":"it-IT"},{"@type":"WebPage","@id":"https:\/\/www.packaging-mag.com\/it\/etichettatrici-innovative-per-lindustria-cosmetica-2\/","url":"https:\/\/www.packaging-mag.com\/it\/etichettatrici-innovative-per-lindustria-cosmetica-2\/","name":"Etichettatrici innovative per l\u2019industria cosmetica - Packaging International","isPartOf":{"@id":"https:\/\/www.packaging-mag.com\/it\/#website"},"primaryImageOfPage":{"@id":"https:\/\/www.packaging-mag.com\/it\/etichettatrici-innovative-per-lindustria-cosmetica-2\/#primaryimage"},"image":{"@id":"https:\/\/www.packaging-mag.com\/it\/etichettatrici-innovative-per-lindustria-cosmetica-2\/#primaryimage"},"thumbnailUrl":"https:\/\/www.packaging-mag.com\/wp-content\/uploads\/2023\/02\/ALLINE-E-COSMETICI-ALTECH-1-e1675330095799.png","datePublished":"2025-03-24T09:08:32+00:00","dateModified":"2025-03-24T09:08:33+00:00","breadcrumb":{"@id":"https:\/\/www.packaging-mag.com\/it\/etichettatrici-innovative-per-lindustria-cosmetica-2\/#breadcrumb"},"inLanguage":"it-IT","potentialAction":[{"@type":"ReadAction","target":["https:\/\/www.packaging-mag.com\/it\/etichettatrici-innovative-per-lindustria-cosmetica-2\/"]}]},{"@type":"ImageObject","inLanguage":"it-IT","@id":"https:\/\/www.packaging-mag.com\/it\/etichettatrici-innovative-per-lindustria-cosmetica-2\/#primaryimage","url":"https:\/\/www.packaging-mag.com\/wp-content\/uploads\/2023\/02\/ALLINE-E-COSMETICI-ALTECH-1-e1675330095799.png","contentUrl":"https:\/\/www.packaging-mag.com\/wp-content\/uploads\/2023\/02\/ALLINE-E-COSMETICI-ALTECH-1-e1675330095799.png","width":1930,"height":1086},{"@type":"BreadcrumbList","@id":"https:\/\/www.packaging-mag.com\/it\/etichettatrici-innovative-per-lindustria-cosmetica-2\/#breadcrumb","itemListElement":[{"@type":"ListItem","position":1,"name":"Home","item":"https:\/\/www.packaging-mag.com\/it\/"},{"@type":"ListItem","position":2,"name":"Etichettatrici innovative per l\u2019industria cosmetica"}]},{"@type":"WebSite","@id":"https:\/\/www.packaging-mag.com\/it\/#website","url":"https:\/\/www.packaging-mag.com\/it\/","name":"Packaging International","description":"All for packaging","publisher":{"@id":"https:\/\/www.packaging-mag.com\/it\/#organization"},"potentialAction":[{"@type":"SearchAction","target":{"@type":"EntryPoint","urlTemplate":"https:\/\/www.packaging-mag.com\/it\/?s={search_term_string}"},"query-input":{"@type":"PropertyValueSpecification","valueRequired":true,"valueName":"search_term_string"}}],"inLanguage":"it-IT"},{"@type":"Organization","@id":"https:\/\/www.packaging-mag.com\/it\/#organization","name":"Editrice Zeus Sas","url":"https:\/\/www.packaging-mag.com\/it\/","logo":{"@type":"ImageObject","inLanguage":"it-IT","@id":"https:\/\/www.packaging-mag.com\/it\/#\/schema\/logo\/image\/","url":"https:\/\/www.packaging-mag.com\/wp-content\/uploads\/2020\/02\/PACKAGING-INTERNATIONAL_editrice.png","contentUrl":"https:\/\/www.packaging-mag.com\/wp-content\/uploads\/2020\/02\/PACKAGING-INTERNATIONAL_editrice.png","width":5020,"height":1205,"caption":"Editrice Zeus Sas"},"image":{"@id":"https:\/\/www.packaging-mag.com\/it\/#\/schema\/logo\/image\/"}},{"@type":"Person","@id":"https:\/\/www.packaging-mag.com\/it\/#\/schema\/person\/d35ab98065730065b3060899c9745f04","name":"Walter Zannoni","image":{"@type":"ImageObject","inLanguage":"it-IT","@id":"https:\/\/secure.gravatar.com\/avatar\/2568092636a116620ad966ce2cb1f73e997ff95c7255a63622ebdd412a9b76af?s=96&d=mm&r=g","url":"https:\/\/secure.gravatar.com\/avatar\/2568092636a116620ad966ce2cb1f73e997ff95c7255a63622ebdd412a9b76af?s=96&d=mm&r=g","contentUrl":"https:\/\/secure.gravatar.com\/avatar\/2568092636a116620ad966ce2cb1f73e997ff95c7255a63622ebdd412a9b76af?s=96&d=mm&r=g","caption":"Walter Zannoni"}}]}},"_links":{"self":[{"href":"https:\/\/www.packaging-mag.com\/it\/wp-json\/wp\/v2\/posts\/21098","targetHints":{"allow":["GET"]}}],"collection":[{"href":"https:\/\/www.packaging-mag.com\/it\/wp-json\/wp\/v2\/posts"}],"about":[{"href":"https:\/\/www.packaging-mag.com\/it\/wp-json\/wp\/v2\/types\/post"}],"author":[{"embeddable":true,"href":"https:\/\/www.packaging-mag.com\/it\/wp-json\/wp\/v2\/users\/6"}],"replies":[{"embeddable":true,"href":"https:\/\/www.packaging-mag.com\/it\/wp-json\/wp\/v2\/comments?post=21098"}],"version-history":[{"count":0,"href":"https:\/\/www.packaging-mag.com\/it\/wp-json\/wp\/v2\/posts\/21098\/revisions"}],"wp:featuredmedia":[{"embeddable":true,"href":"https:\/\/www.packaging-mag.com\/it\/wp-json\/wp\/v2\/media\/17386"}],"wp:attachment":[{"href":"https:\/\/www.packaging-mag.com\/it\/wp-json\/wp\/v2\/media?parent=21098"}],"wp:term":[{"taxonomy":"category","embeddable":true,"href":"https:\/\/www.packaging-mag.com\/it\/wp-json\/wp\/v2\/categories?post=21098"},{"taxonomy":"post_tag","embeddable":true,"href":"https:\/\/www.packaging-mag.com\/it\/wp-json\/wp\/v2\/tags?post=21098"}],"curies":[{"name":"wp","href":"https:\/\/api.w.org\/{rel}","templated":true}]}}