{"id":19813,"date":"2024-06-07T07:38:43","date_gmt":"2024-06-07T06:38:43","guid":{"rendered":"https:\/\/www.packaging-mag.com\/?p=19813"},"modified":"2024-06-07T07:38:45","modified_gmt":"2024-06-07T06:38:45","slug":"riccardo-cavanna-confermato-presidente-di-ucima","status":"publish","type":"post","link":"https:\/\/www.packaging-mag.com\/it\/riccardo-cavanna-confermato-presidente-di-ucima\/","title":{"rendered":"Riccardo Cavanna confermato Presidente di Ucima"},"content":{"rendered":"\n<p><strong><em>L\u2019Associazione dei costruttori di tecnologie per il packaging ha rieletto il Presidente uscente per il biennio 2024-2026<\/em><\/strong><\/p>\n\n\n\n<p><strong>Riccardo Cavanna<\/strong> \u00e8 stato confermato come Presidente di <a href=\"https:\/\/www.ucima.it\/\" target=\"_blank\" rel=\"noreferrer noopener\"><strong>Ucima<\/strong> <\/a>(Associazione Costruttori Italiani Macchine Automatiche per il Confezionamento e l\u2019Imballaggio) per il biennio <strong>2024-2026<\/strong>. Lo ha sancito all\u2019unanimit\u00e0 l\u2019annuale Assemblea Generale dei Soci, svoltasi stamattina a Baggiovara di Modena, presso la sede dell\u2019Associazione a Villa Marchetti.<\/p>\n\n\n\n<figure class=\"wp-block-image size-large\"><img decoding=\"async\" src=\"https:\/\/www.packaging-mag.com\/wp-content\/uploads\/2024\/06\/Riccardo-Cavanna-2024-1-1024x683.jpeg\" alt=\"\" class=\"wp-image-19814\"\/><\/figure>\n\n\n\n<p><\/p>\n\n\n\n<p>Cavanna potr\u00e0 cos\u00ec dare continuit\u00e0 all\u2019intenso lavoro svolto negli ultimi due anni, andando cos\u00ec a completare un quadriennio. I Soci hanno eletto anche i nuovi vicepresidenti: si tratta di <strong>Massimo Marchesini <\/strong>(confermato)e di<strong> Antonella Candiotto.<\/strong><\/p>\n\n\n\n<p><em>\u201cCi tengo a ringraziare tutti gli associati per la fiducia concessa. Sono stati due anni molto impegnativi<\/em> \u2013 ha dichiarato il Presidente, subito dopo la rielezione -.<em> Insieme ai vicepresidenti, al Consiglio Direttivo e allo staff di Villa Marchetti abbiamo potenziato e aumentato i servizi, dato nuovo impulso all\u2019internazionalizzazione con il lancio del brand <strong>We Make Packaging<\/strong>,orientato alla valorizzazione delle tecnologie made in Italy, e messo a disposizione nuovi strumenti legati al mondo della sostenibilit\u00e0. Grazie poi al network con le associazioni partner Acimac e Amaplast, abbiamo consolidato il nostro ruolo di interlocutore con le istituzioni, con mirate attivit\u00e0 di <strong>advocacy<\/strong>, che ci hanno portato anche ad essere ricevuti dal Ministro delle Imprese e del Made in Italy Adolfo Urso. In particolare, abbiamo fatto sentire la nostra voce lungo tutte le fasi del lungo iter del nuovo regolamento imballaggi e su temi strategici come quelli legati all\u2019Industria 5.0. Tante altre sono le attivit\u00e0 in cantiere per il prossimo biennio e siamo gi\u00e0 al lavoro per un\u2019associazione sempre pi\u00f9 forte e vicina agli associati. Infine, ricordo <\/em>\u2013 ha concluso Cavanna \u2013<em> le tante iniziative in corso per celebrare i <strong>40 anni di Ucima<\/strong>, che culmineranno con un grande evento che si terr\u00e0 in ottobre\u201d.<\/em><\/p>\n\n\n\n<figure class=\"wp-block-image size-full is-resized\"><img fetchpriority=\"high\" decoding=\"async\" width=\"700\" height=\"200\" src=\"https:\/\/www.packaging-mag.com\/wp-content\/uploads\/2022\/12\/Ucima.jpg\" alt=\"\" class=\"wp-image-17245\" style=\"width:284px;height:auto\" srcset=\"https:\/\/www.packaging-mag.com\/wp-content\/uploads\/2022\/12\/Ucima.jpg 700w, https:\/\/www.packaging-mag.com\/wp-content\/uploads\/2022\/12\/Ucima-300x86.jpg 300w, https:\/\/www.packaging-mag.com\/wp-content\/uploads\/2022\/12\/Ucima-600x171.jpg 600w\" sizes=\"(max-width: 700px) 100vw, 700px\" \/><figcaption class=\"wp-element-caption\"><strong><a href=\"https:\/\/www.ucima.it\/\" target=\"_blank\" rel=\"noreferrer noopener\">www.ucima.it<\/a><\/strong><\/figcaption><\/figure>\n","protected":false},"excerpt":{"rendered":"<p>L\u2019Associazione dei costruttori di tecnologie per il packaging ha rieletto il Presidente uscente per il biennio 2024-2026 Riccardo Cavanna \u00e8 stato confermato come Presidente di Ucima (Associazione Costruttori Italiani Macchine Automatiche per il Confezionamento e l\u2019Imballaggio) per il biennio 2024-2026. Lo ha sancito all\u2019unanimit\u00e0 l\u2019annuale Assemblea Generale dei Soci, svoltasi stamattina a Baggiovara di Modena, [&hellip;]<\/p>\n","protected":false},"author":6,"featured_media":19814,"comment_status":"closed","ping_status":"closed","sticky":false,"template":"","format":"standard","meta":{"footnotes":""},"categories":[1584,1409],"tags":[1129,1312,1341,1712,1373],"class_list":["post-19813","post","type-post","status-publish","format-standard","has-post-thumbnail","hentry","category-confezionamento","category-packaging","tag-confezionamento","tag-imballaggio-it","tag-packaging-2","tag-riccardo-cavanna-it","tag-ucima"],"yoast_head":"<!-- This site is optimized with the Yoast SEO plugin v27.2 - https:\/\/yoast.com\/product\/yoast-seo-wordpress\/ -->\n<title>Riccardo Cavanna confermato Presidente di Ucima - Packaging International<\/title>\n<meta name=\"robots\" content=\"index, follow, max-snippet:-1, max-image-preview:large, max-video-preview:-1\" \/>\n<link rel=\"canonical\" href=\"https:\/\/www.packaging-mag.com\/it\/riccardo-cavanna-confermato-presidente-di-ucima\/\" \/>\n<meta property=\"og:locale\" content=\"it_IT\" \/>\n<meta property=\"og:type\" content=\"article\" \/>\n<meta property=\"og:title\" content=\"Riccardo Cavanna confermato Presidente di Ucima - Packaging International\" \/>\n<meta property=\"og:description\" content=\"L\u2019Associazione dei costruttori di tecnologie per il packaging ha rieletto il Presidente uscente per il biennio 2024-2026 Riccardo Cavanna \u00e8 stato confermato come Presidente di Ucima (Associazione Costruttori Italiani Macchine Automatiche per il Confezionamento e l\u2019Imballaggio) per il biennio 2024-2026. Lo ha sancito all\u2019unanimit\u00e0 l\u2019annuale Assemblea Generale dei Soci, svoltasi stamattina a Baggiovara di Modena, [&hellip;]\" \/>\n<meta property=\"og:url\" content=\"https:\/\/www.packaging-mag.com\/it\/riccardo-cavanna-confermato-presidente-di-ucima\/\" \/>\n<meta property=\"og:site_name\" content=\"Packaging International\" \/>\n<meta property=\"article:published_time\" content=\"2024-06-07T06:38:43+00:00\" \/>\n<meta property=\"article:modified_time\" content=\"2024-06-07T06:38:45+00:00\" \/>\n<meta property=\"og:image\" content=\"https:\/\/www.packaging-mag.com\/wp-content\/uploads\/2024\/06\/Riccardo-Cavanna-2024-1-e1717742214877.jpeg\" \/>\n\t<meta property=\"og:image:width\" content=\"1620\" \/>\n\t<meta property=\"og:image:height\" content=\"637\" \/>\n\t<meta property=\"og:image:type\" content=\"image\/jpeg\" \/>\n<meta name=\"author\" content=\"Walter Zannoni\" \/>\n<meta name=\"twitter:card\" content=\"summary_large_image\" \/>\n<meta name=\"twitter:label1\" content=\"Scritto da\" \/>\n\t<meta name=\"twitter:data1\" content=\"Walter Zannoni\" \/>\n\t<meta name=\"twitter:label2\" content=\"Tempo di lettura stimato\" \/>\n\t<meta name=\"twitter:data2\" content=\"2 minuti\" \/>\n<script type=\"application\/ld+json\" class=\"yoast-schema-graph\">{\"@context\":\"https:\/\/schema.org\",\"@graph\":[{\"@type\":\"Article\",\"@id\":\"https:\/\/www.packaging-mag.com\/it\/riccardo-cavanna-confermato-presidente-di-ucima\/#article\",\"isPartOf\":{\"@id\":\"https:\/\/www.packaging-mag.com\/it\/riccardo-cavanna-confermato-presidente-di-ucima\/\"},\"author\":{\"name\":\"Walter Zannoni\",\"@id\":\"https:\/\/www.packaging-mag.com\/it\/#\/schema\/person\/d35ab98065730065b3060899c9745f04\"},\"headline\":\"Riccardo Cavanna confermato Presidente di Ucima\",\"datePublished\":\"2024-06-07T06:38:43+00:00\",\"dateModified\":\"2024-06-07T06:38:45+00:00\",\"mainEntityOfPage\":{\"@id\":\"https:\/\/www.packaging-mag.com\/it\/riccardo-cavanna-confermato-presidente-di-ucima\/\"},\"wordCount\":314,\"publisher\":{\"@id\":\"https:\/\/www.packaging-mag.com\/it\/#organization\"},\"image\":{\"@id\":\"https:\/\/www.packaging-mag.com\/it\/riccardo-cavanna-confermato-presidente-di-ucima\/#primaryimage\"},\"thumbnailUrl\":\"https:\/\/www.packaging-mag.com\/wp-content\/uploads\/2024\/06\/Riccardo-Cavanna-2024-1-e1717742214877.jpeg\",\"keywords\":[\"confezionamento\",\"Imballaggio\",\"packaging\",\"Riccardo Cavanna\",\"Ucima\"],\"articleSection\":[\"Confezionamento\",\"Packaging\"],\"inLanguage\":\"it-IT\"},{\"@type\":\"WebPage\",\"@id\":\"https:\/\/www.packaging-mag.com\/it\/riccardo-cavanna-confermato-presidente-di-ucima\/\",\"url\":\"https:\/\/www.packaging-mag.com\/it\/riccardo-cavanna-confermato-presidente-di-ucima\/\",\"name\":\"Riccardo Cavanna confermato Presidente di Ucima - Packaging International\",\"isPartOf\":{\"@id\":\"https:\/\/www.packaging-mag.com\/it\/#website\"},\"primaryImageOfPage\":{\"@id\":\"https:\/\/www.packaging-mag.com\/it\/riccardo-cavanna-confermato-presidente-di-ucima\/#primaryimage\"},\"image\":{\"@id\":\"https:\/\/www.packaging-mag.com\/it\/riccardo-cavanna-confermato-presidente-di-ucima\/#primaryimage\"},\"thumbnailUrl\":\"https:\/\/www.packaging-mag.com\/wp-content\/uploads\/2024\/06\/Riccardo-Cavanna-2024-1-e1717742214877.jpeg\",\"datePublished\":\"2024-06-07T06:38:43+00:00\",\"dateModified\":\"2024-06-07T06:38:45+00:00\",\"breadcrumb\":{\"@id\":\"https:\/\/www.packaging-mag.com\/it\/riccardo-cavanna-confermato-presidente-di-ucima\/#breadcrumb\"},\"inLanguage\":\"it-IT\",\"potentialAction\":[{\"@type\":\"ReadAction\",\"target\":[\"https:\/\/www.packaging-mag.com\/it\/riccardo-cavanna-confermato-presidente-di-ucima\/\"]}]},{\"@type\":\"ImageObject\",\"inLanguage\":\"it-IT\",\"@id\":\"https:\/\/www.packaging-mag.com\/it\/riccardo-cavanna-confermato-presidente-di-ucima\/#primaryimage\",\"url\":\"https:\/\/www.packaging-mag.com\/wp-content\/uploads\/2024\/06\/Riccardo-Cavanna-2024-1-e1717742214877.jpeg\",\"contentUrl\":\"https:\/\/www.packaging-mag.com\/wp-content\/uploads\/2024\/06\/Riccardo-Cavanna-2024-1-e1717742214877.jpeg\",\"width\":1620,\"height\":637},{\"@type\":\"BreadcrumbList\",\"@id\":\"https:\/\/www.packaging-mag.com\/it\/riccardo-cavanna-confermato-presidente-di-ucima\/#breadcrumb\",\"itemListElement\":[{\"@type\":\"ListItem\",\"position\":1,\"name\":\"Home\",\"item\":\"https:\/\/www.packaging-mag.com\/it\/\"},{\"@type\":\"ListItem\",\"position\":2,\"name\":\"Riccardo Cavanna confermato Presidente di Ucima\"}]},{\"@type\":\"WebSite\",\"@id\":\"https:\/\/www.packaging-mag.com\/it\/#website\",\"url\":\"https:\/\/www.packaging-mag.com\/it\/\",\"name\":\"Packaging International\",\"description\":\"All for packaging\",\"publisher\":{\"@id\":\"https:\/\/www.packaging-mag.com\/it\/#organization\"},\"potentialAction\":[{\"@type\":\"SearchAction\",\"target\":{\"@type\":\"EntryPoint\",\"urlTemplate\":\"https:\/\/www.packaging-mag.com\/it\/?s={search_term_string}\"},\"query-input\":{\"@type\":\"PropertyValueSpecification\",\"valueRequired\":true,\"valueName\":\"search_term_string\"}}],\"inLanguage\":\"it-IT\"},{\"@type\":\"Organization\",\"@id\":\"https:\/\/www.packaging-mag.com\/it\/#organization\",\"name\":\"Editrice Zeus Sas\",\"url\":\"https:\/\/www.packaging-mag.com\/it\/\",\"logo\":{\"@type\":\"ImageObject\",\"inLanguage\":\"it-IT\",\"@id\":\"https:\/\/www.packaging-mag.com\/it\/#\/schema\/logo\/image\/\",\"url\":\"https:\/\/www.packaging-mag.com\/wp-content\/uploads\/2020\/02\/PACKAGING-INTERNATIONAL_editrice.png\",\"contentUrl\":\"https:\/\/www.packaging-mag.com\/wp-content\/uploads\/2020\/02\/PACKAGING-INTERNATIONAL_editrice.png\",\"width\":5020,\"height\":1205,\"caption\":\"Editrice Zeus Sas\"},\"image\":{\"@id\":\"https:\/\/www.packaging-mag.com\/it\/#\/schema\/logo\/image\/\"}},{\"@type\":\"Person\",\"@id\":\"https:\/\/www.packaging-mag.com\/it\/#\/schema\/person\/d35ab98065730065b3060899c9745f04\",\"name\":\"Walter Zannoni\",\"image\":{\"@type\":\"ImageObject\",\"inLanguage\":\"it-IT\",\"@id\":\"https:\/\/secure.gravatar.com\/avatar\/2568092636a116620ad966ce2cb1f73e997ff95c7255a63622ebdd412a9b76af?s=96&d=mm&r=g\",\"url\":\"https:\/\/secure.gravatar.com\/avatar\/2568092636a116620ad966ce2cb1f73e997ff95c7255a63622ebdd412a9b76af?s=96&d=mm&r=g\",\"contentUrl\":\"https:\/\/secure.gravatar.com\/avatar\/2568092636a116620ad966ce2cb1f73e997ff95c7255a63622ebdd412a9b76af?s=96&d=mm&r=g\",\"caption\":\"Walter Zannoni\"}}]}<\/script>\n<!-- \/ Yoast SEO plugin. -->","yoast_head_json":{"title":"Riccardo Cavanna confermato Presidente di Ucima - Packaging International","robots":{"index":"index","follow":"follow","max-snippet":"max-snippet:-1","max-image-preview":"max-image-preview:large","max-video-preview":"max-video-preview:-1"},"canonical":"https:\/\/www.packaging-mag.com\/it\/riccardo-cavanna-confermato-presidente-di-ucima\/","og_locale":"it_IT","og_type":"article","og_title":"Riccardo Cavanna confermato Presidente di Ucima - Packaging International","og_description":"L\u2019Associazione dei costruttori di tecnologie per il packaging ha rieletto il Presidente uscente per il biennio 2024-2026 Riccardo Cavanna \u00e8 stato confermato come Presidente di Ucima (Associazione Costruttori Italiani Macchine Automatiche per il Confezionamento e l\u2019Imballaggio) per il biennio 2024-2026. Lo ha sancito all\u2019unanimit\u00e0 l\u2019annuale Assemblea Generale dei Soci, svoltasi stamattina a Baggiovara di Modena, [&hellip;]","og_url":"https:\/\/www.packaging-mag.com\/it\/riccardo-cavanna-confermato-presidente-di-ucima\/","og_site_name":"Packaging International","article_published_time":"2024-06-07T06:38:43+00:00","article_modified_time":"2024-06-07T06:38:45+00:00","og_image":[{"width":1620,"height":637,"url":"https:\/\/www.packaging-mag.com\/wp-content\/uploads\/2024\/06\/Riccardo-Cavanna-2024-1-e1717742214877.jpeg","type":"image\/jpeg"}],"author":"Walter Zannoni","twitter_card":"summary_large_image","twitter_misc":{"Scritto da":"Walter Zannoni","Tempo di lettura stimato":"2 minuti"},"schema":{"@context":"https:\/\/schema.org","@graph":[{"@type":"Article","@id":"https:\/\/www.packaging-mag.com\/it\/riccardo-cavanna-confermato-presidente-di-ucima\/#article","isPartOf":{"@id":"https:\/\/www.packaging-mag.com\/it\/riccardo-cavanna-confermato-presidente-di-ucima\/"},"author":{"name":"Walter Zannoni","@id":"https:\/\/www.packaging-mag.com\/it\/#\/schema\/person\/d35ab98065730065b3060899c9745f04"},"headline":"Riccardo Cavanna confermato Presidente di Ucima","datePublished":"2024-06-07T06:38:43+00:00","dateModified":"2024-06-07T06:38:45+00:00","mainEntityOfPage":{"@id":"https:\/\/www.packaging-mag.com\/it\/riccardo-cavanna-confermato-presidente-di-ucima\/"},"wordCount":314,"publisher":{"@id":"https:\/\/www.packaging-mag.com\/it\/#organization"},"image":{"@id":"https:\/\/www.packaging-mag.com\/it\/riccardo-cavanna-confermato-presidente-di-ucima\/#primaryimage"},"thumbnailUrl":"https:\/\/www.packaging-mag.com\/wp-content\/uploads\/2024\/06\/Riccardo-Cavanna-2024-1-e1717742214877.jpeg","keywords":["confezionamento","Imballaggio","packaging","Riccardo Cavanna","Ucima"],"articleSection":["Confezionamento","Packaging"],"inLanguage":"it-IT"},{"@type":"WebPage","@id":"https:\/\/www.packaging-mag.com\/it\/riccardo-cavanna-confermato-presidente-di-ucima\/","url":"https:\/\/www.packaging-mag.com\/it\/riccardo-cavanna-confermato-presidente-di-ucima\/","name":"Riccardo Cavanna confermato Presidente di Ucima - Packaging International","isPartOf":{"@id":"https:\/\/www.packaging-mag.com\/it\/#website"},"primaryImageOfPage":{"@id":"https:\/\/www.packaging-mag.com\/it\/riccardo-cavanna-confermato-presidente-di-ucima\/#primaryimage"},"image":{"@id":"https:\/\/www.packaging-mag.com\/it\/riccardo-cavanna-confermato-presidente-di-ucima\/#primaryimage"},"thumbnailUrl":"https:\/\/www.packaging-mag.com\/wp-content\/uploads\/2024\/06\/Riccardo-Cavanna-2024-1-e1717742214877.jpeg","datePublished":"2024-06-07T06:38:43+00:00","dateModified":"2024-06-07T06:38:45+00:00","breadcrumb":{"@id":"https:\/\/www.packaging-mag.com\/it\/riccardo-cavanna-confermato-presidente-di-ucima\/#breadcrumb"},"inLanguage":"it-IT","potentialAction":[{"@type":"ReadAction","target":["https:\/\/www.packaging-mag.com\/it\/riccardo-cavanna-confermato-presidente-di-ucima\/"]}]},{"@type":"ImageObject","inLanguage":"it-IT","@id":"https:\/\/www.packaging-mag.com\/it\/riccardo-cavanna-confermato-presidente-di-ucima\/#primaryimage","url":"https:\/\/www.packaging-mag.com\/wp-content\/uploads\/2024\/06\/Riccardo-Cavanna-2024-1-e1717742214877.jpeg","contentUrl":"https:\/\/www.packaging-mag.com\/wp-content\/uploads\/2024\/06\/Riccardo-Cavanna-2024-1-e1717742214877.jpeg","width":1620,"height":637},{"@type":"BreadcrumbList","@id":"https:\/\/www.packaging-mag.com\/it\/riccardo-cavanna-confermato-presidente-di-ucima\/#breadcrumb","itemListElement":[{"@type":"ListItem","position":1,"name":"Home","item":"https:\/\/www.packaging-mag.com\/it\/"},{"@type":"ListItem","position":2,"name":"Riccardo Cavanna confermato Presidente di Ucima"}]},{"@type":"WebSite","@id":"https:\/\/www.packaging-mag.com\/it\/#website","url":"https:\/\/www.packaging-mag.com\/it\/","name":"Packaging International","description":"All for packaging","publisher":{"@id":"https:\/\/www.packaging-mag.com\/it\/#organization"},"potentialAction":[{"@type":"SearchAction","target":{"@type":"EntryPoint","urlTemplate":"https:\/\/www.packaging-mag.com\/it\/?s={search_term_string}"},"query-input":{"@type":"PropertyValueSpecification","valueRequired":true,"valueName":"search_term_string"}}],"inLanguage":"it-IT"},{"@type":"Organization","@id":"https:\/\/www.packaging-mag.com\/it\/#organization","name":"Editrice Zeus Sas","url":"https:\/\/www.packaging-mag.com\/it\/","logo":{"@type":"ImageObject","inLanguage":"it-IT","@id":"https:\/\/www.packaging-mag.com\/it\/#\/schema\/logo\/image\/","url":"https:\/\/www.packaging-mag.com\/wp-content\/uploads\/2020\/02\/PACKAGING-INTERNATIONAL_editrice.png","contentUrl":"https:\/\/www.packaging-mag.com\/wp-content\/uploads\/2020\/02\/PACKAGING-INTERNATIONAL_editrice.png","width":5020,"height":1205,"caption":"Editrice Zeus Sas"},"image":{"@id":"https:\/\/www.packaging-mag.com\/it\/#\/schema\/logo\/image\/"}},{"@type":"Person","@id":"https:\/\/www.packaging-mag.com\/it\/#\/schema\/person\/d35ab98065730065b3060899c9745f04","name":"Walter Zannoni","image":{"@type":"ImageObject","inLanguage":"it-IT","@id":"https:\/\/secure.gravatar.com\/avatar\/2568092636a116620ad966ce2cb1f73e997ff95c7255a63622ebdd412a9b76af?s=96&d=mm&r=g","url":"https:\/\/secure.gravatar.com\/avatar\/2568092636a116620ad966ce2cb1f73e997ff95c7255a63622ebdd412a9b76af?s=96&d=mm&r=g","contentUrl":"https:\/\/secure.gravatar.com\/avatar\/2568092636a116620ad966ce2cb1f73e997ff95c7255a63622ebdd412a9b76af?s=96&d=mm&r=g","caption":"Walter Zannoni"}}]}},"_links":{"self":[{"href":"https:\/\/www.packaging-mag.com\/it\/wp-json\/wp\/v2\/posts\/19813","targetHints":{"allow":["GET"]}}],"collection":[{"href":"https:\/\/www.packaging-mag.com\/it\/wp-json\/wp\/v2\/posts"}],"about":[{"href":"https:\/\/www.packaging-mag.com\/it\/wp-json\/wp\/v2\/types\/post"}],"author":[{"embeddable":true,"href":"https:\/\/www.packaging-mag.com\/it\/wp-json\/wp\/v2\/users\/6"}],"replies":[{"embeddable":true,"href":"https:\/\/www.packaging-mag.com\/it\/wp-json\/wp\/v2\/comments?post=19813"}],"version-history":[{"count":0,"href":"https:\/\/www.packaging-mag.com\/it\/wp-json\/wp\/v2\/posts\/19813\/revisions"}],"wp:featuredmedia":[{"embeddable":true,"href":"https:\/\/www.packaging-mag.com\/it\/wp-json\/wp\/v2\/media\/19814"}],"wp:attachment":[{"href":"https:\/\/www.packaging-mag.com\/it\/wp-json\/wp\/v2\/media?parent=19813"}],"wp:term":[{"taxonomy":"category","embeddable":true,"href":"https:\/\/www.packaging-mag.com\/it\/wp-json\/wp\/v2\/categories?post=19813"},{"taxonomy":"post_tag","embeddable":true,"href":"https:\/\/www.packaging-mag.com\/it\/wp-json\/wp\/v2\/tags?post=19813"}],"curies":[{"name":"wp","href":"https:\/\/api.w.org\/{rel}","templated":true}]}}