{"id":16424,"date":"2022-07-20T07:30:15","date_gmt":"2022-07-20T06:30:15","guid":{"rendered":"https:\/\/www.packaging-mag.com\/?p=16424"},"modified":"2022-07-20T07:30:18","modified_gmt":"2022-07-20T06:30:18","slug":"maspe-diventa-cartesio-packaging-gruppo-cavanna","status":"publish","type":"post","link":"https:\/\/www.packaging-mag.com\/it\/maspe-diventa-cartesio-packaging-gruppo-cavanna\/","title":{"rendered":"Maspe diventa CARTESIO Packaging, Gruppo Cavanna"},"content":{"rendered":"\n<p>Il gruppo di <strong>Prato Sesia NO<\/strong>, leader nelle soluzioni chiavi in mano di packaging primario e secondario, ha definito nei giorni scorsi l\u2019affitto d\u2019azienda della <strong><a href=\"http:\/\/www.maspespa.com\" target=\"_blank\" rel=\"noreferrer noopener\">Maspe SpA<\/a> di Pianezza TO.<\/strong><\/p>\n\n\n\n<p>L\u2019operazione \u00e8 stata portata a termine tramite la newco <strong>CARTESIO Packaging Srl<\/strong>, 100% partecipata del <strong>Gruppo <a href=\"http:\/\/www.cavanna.com\" target=\"_blank\" rel=\"noreferrer noopener\">Cavanna<\/a><\/strong>, nome che dal 2005 caratterizza la <strong>Divisione Cartoning &amp; Casepacking<\/strong> del gruppo.<\/p>\n\n\n\n<figure class=\"wp-block-image size-large\"><img fetchpriority=\"high\" decoding=\"async\" width=\"1024\" height=\"266\" src=\"https:\/\/www.packaging-mag.com\/wp-content\/uploads\/2022\/07\/Sede-di-Pianezza-1024x266.jpg\" alt=\"\" class=\"wp-image-16425\" srcset=\"https:\/\/www.packaging-mag.com\/wp-content\/uploads\/2022\/07\/Sede-di-Pianezza-1024x266.jpg 1024w, https:\/\/www.packaging-mag.com\/wp-content\/uploads\/2022\/07\/Sede-di-Pianezza-300x78.jpg 300w, https:\/\/www.packaging-mag.com\/wp-content\/uploads\/2022\/07\/Sede-di-Pianezza-768x200.jpg 768w, https:\/\/www.packaging-mag.com\/wp-content\/uploads\/2022\/07\/Sede-di-Pianezza-600x156.jpg 600w, https:\/\/www.packaging-mag.com\/wp-content\/uploads\/2022\/07\/Sede-di-Pianezza.jpg 1119w\" sizes=\"(max-width: 1024px) 100vw, 1024px\" \/><\/figure>\n\n\n\n<p><\/p>\n\n\n\n<p>Con un fatturato di 6M\u20ac e 450 linee installate in 15 paesi, Maspe disegna e produce da 35 anni soluzioni di packaging secondario ad alto livello di specializzazione (wraparound, cartoning casepacking, palletizing), expertise che ne ha fatto, sin dalla fondazione, un fornitore di riferimento di aziende leader del mercato Confectionery, nonch\u00e9 una presenza crescente in diversi altri settori industriali (<strong>Bakery, Dairy, Grocery, Personal Care<\/strong>, &#8230;).<\/p>\n\n\n\n<p>In difficolt\u00e0 a seguito dei recenti eventi economici mondiali, Maspe, dovendo interrompere la sua attivit\u00e0, ha trovato nel gruppo Cavanna l\u2019interlocutore pi\u00f9 risoluto a volerne tutelare attivit\u00e0 e risorse tecniche e produttive di eccellenza. La propriet\u00e0 del Gruppo Cavanna, infatti, ha confermato la volont\u00e0 di salvaguardare tutti i 27 lavoratori dell\u2019organico aziendale.<\/p>\n\n\n\n<p>Una scelta che evidenzia una volta ancora l\u2019attaccamento del Gruppo Cavanna alle risorse, altamente specializzate, del territorio manufatturiero piemontese. Come sottolinea <strong>Riccardo Cavanna<\/strong> (Chairman &amp; Lead Strategist): \u201cNon potevamo permettere che l\u2019azienda cessasse le sue attivit\u00e0, rischiando di mettere in difficolt\u00e0 clienti multinazionali e italiani, che sono spesso i nostri stessi clienti.<\/p>\n\n\n<div class=\"wp-block-image\">\n<figure class=\"alignright size-large is-resized\"><img decoding=\"async\" src=\"https:\/\/www.packaging-mag.com\/wp-content\/uploads\/2022\/07\/Cartesio-Packaging-1024x181.jpg\" alt=\"\" class=\"wp-image-16427\" width=\"347\" height=\"61\" srcset=\"https:\/\/www.packaging-mag.com\/wp-content\/uploads\/2022\/07\/Cartesio-Packaging-1024x181.jpg 1024w, https:\/\/www.packaging-mag.com\/wp-content\/uploads\/2022\/07\/Cartesio-Packaging-300x53.jpg 300w, https:\/\/www.packaging-mag.com\/wp-content\/uploads\/2022\/07\/Cartesio-Packaging-768x136.jpg 768w, https:\/\/www.packaging-mag.com\/wp-content\/uploads\/2022\/07\/Cartesio-Packaging-1536x271.jpg 1536w, https:\/\/www.packaging-mag.com\/wp-content\/uploads\/2022\/07\/Cartesio-Packaging-2048x362.jpg 2048w, https:\/\/www.packaging-mag.com\/wp-content\/uploads\/2022\/07\/Cartesio-Packaging-600x106.jpg 600w\" sizes=\"(max-width: 347px) 100vw, 347px\" \/><\/figure>\n<\/div>\n\n\n<p>Abbiamo sentito una responsabilit\u00e0 verso di loro e verso i lavoratori dell\u2019azienda, salvaguardando occupazione, continuit\u00e0 operativa e assistenza tecnica agli impianti esistenti.<\/p>\n\n\n\n<p>Con i clienti stessi abbiamo lavorato per trovare le condizioni ottimali a realizzare il salvataggio e la ripartenza in continuit\u00e0 dell\u2019azienda.\u201d<\/p>\n\n\n\n<p>Con un fatturato di 80M\u20ac e un export del 90%, le soluzioni di packaging del gruppo Cavanna si rivolgono ai principali gruppi multinazionali e leader nazionali dei settori Food, Non-Food e Pharma di vari Paesi, buona parte dei quali ai primi posti della lista <strong>FORTUNE500.<\/strong><\/p>\n\n\n\n<p><strong>Riccardo Ciambrone<\/strong>, <strong>CEO di Cavanna Group<\/strong> e amministratore unico di <strong>CARTESIO<\/strong>, precisa, infine, che:<\/p>\n\n\n\n<p>\u201cDiamo, innanzitutto, il benvenuto ai nuovi colleghi nel gruppo Cavanna e lavoriamo con loro affinch\u00e9 il processo di integrazione sia rapido ed efficiente. Il sito di Pianezza, si affiancher\u00e0 agli altri del gruppo: Prato Sesia NO (Headquarters), Mappano TO, San Paolo (Brasile) e Duluth (USA), con un organico complessivo che sale cos\u00ec a 340 dipendenti, il 20% dei quali operativi nei siti esteri del gruppo. Confluiranno a Pianezza le soluzioni robotiche di movimentazione prodotto e inscatolamento (formatura, chiusura e wrap-around) sviluppate dagli stabilimenti del Gruppo.\u201d<\/p>\n\n\n<div class=\"wp-block-image\">\n<figure class=\"alignleft size-full is-resized\"><img decoding=\"async\" src=\"https:\/\/www.packaging-mag.com\/wp-content\/uploads\/2022\/07\/image-4.png\" alt=\"\" class=\"wp-image-16429\" width=\"273\" height=\"75\" srcset=\"https:\/\/www.packaging-mag.com\/wp-content\/uploads\/2022\/07\/image-4.png 411w, https:\/\/www.packaging-mag.com\/wp-content\/uploads\/2022\/07\/image-4-300x82.png 300w\" sizes=\"(max-width: 273px) 100vw, 273px\" \/><figcaption><strong><a href=\"http:\/\/www.cavanna.com\" target=\"_blank\" rel=\"noreferrer noopener\">www.cavanna.com<\/a><\/strong><\/figcaption><\/figure>\n<\/div>","protected":false},"excerpt":{"rendered":"<p>Il gruppo di Prato Sesia NO, leader nelle soluzioni chiavi in mano di packaging primario e secondario, ha definito nei giorni scorsi l\u2019affitto d\u2019azienda della Maspe SpA di Pianezza TO. L\u2019operazione \u00e8 stata portata a termine tramite la newco CARTESIO Packaging Srl, 100% partecipata del Gruppo Cavanna, nome che dal 2005 caratterizza la Divisione Cartoning [&hellip;]<\/p>\n","protected":false},"author":21,"featured_media":16425,"comment_status":"open","ping_status":"closed","sticky":false,"template":"","format":"standard","meta":{"footnotes":""},"categories":[1584,1409],"tags":[1731,1730,1732,1341,1733],"class_list":["post-16424","post","type-post","status-publish","format-standard","has-post-thumbnail","hentry","category-confezionamento","category-packaging","tag-cartesio-packaging-srl","tag-cavanna-group","tag-maspe-spa","tag-packaging-2","tag-prato-sesia-no"],"yoast_head":"<!-- This site is optimized with the Yoast SEO plugin v27.2 - https:\/\/yoast.com\/product\/yoast-seo-wordpress\/ -->\n<title>Maspe diventa CARTESIO Packaging, Gruppo Cavanna - Packaging International<\/title>\n<meta name=\"description\" content=\"Il gruppo di Prato Sesia NO, leader nelle soluzioni chiavi in mano di packaging primario e secondario, ha definito nei giorni scorsi l\u2019affitto d\u2019azienda della Maspe SpA di Pianezza TO.\" \/>\n<meta name=\"robots\" content=\"index, follow, max-snippet:-1, max-image-preview:large, max-video-preview:-1\" \/>\n<link rel=\"canonical\" href=\"https:\/\/www.packaging-mag.com\/it\/maspe-diventa-cartesio-packaging-gruppo-cavanna\/\" \/>\n<meta property=\"og:locale\" content=\"it_IT\" \/>\n<meta property=\"og:type\" content=\"article\" \/>\n<meta property=\"og:title\" content=\"Maspe diventa CARTESIO Packaging, Gruppo Cavanna - Packaging International\" \/>\n<meta property=\"og:description\" content=\"Il gruppo di Prato Sesia NO, leader nelle soluzioni chiavi in mano di packaging primario e secondario, ha definito nei giorni scorsi l\u2019affitto d\u2019azienda della Maspe SpA di Pianezza TO.\" \/>\n<meta property=\"og:url\" content=\"https:\/\/www.packaging-mag.com\/it\/maspe-diventa-cartesio-packaging-gruppo-cavanna\/\" \/>\n<meta property=\"og:site_name\" content=\"Packaging International\" \/>\n<meta property=\"article:published_time\" content=\"2022-07-20T06:30:15+00:00\" \/>\n<meta property=\"article:modified_time\" content=\"2022-07-20T06:30:18+00:00\" \/>\n<meta property=\"og:image\" content=\"https:\/\/www.packaging-mag.com\/wp-content\/uploads\/2022\/07\/Sede-di-Pianezza.jpg\" \/>\n\t<meta property=\"og:image:width\" content=\"1119\" \/>\n\t<meta property=\"og:image:height\" content=\"291\" \/>\n\t<meta property=\"og:image:type\" content=\"image\/jpeg\" \/>\n<meta name=\"author\" content=\"Amerie_editricezeus\" \/>\n<meta name=\"twitter:card\" content=\"summary_large_image\" \/>\n<meta name=\"twitter:label1\" content=\"Scritto da\" \/>\n\t<meta name=\"twitter:data1\" content=\"Amerie_editricezeus\" \/>\n\t<meta name=\"twitter:label2\" content=\"Tempo di lettura stimato\" \/>\n\t<meta name=\"twitter:data2\" content=\"3 minuti\" \/>\n<script type=\"application\/ld+json\" class=\"yoast-schema-graph\">{\"@context\":\"https:\/\/schema.org\",\"@graph\":[{\"@type\":\"Article\",\"@id\":\"https:\/\/www.packaging-mag.com\/it\/maspe-diventa-cartesio-packaging-gruppo-cavanna\/#article\",\"isPartOf\":{\"@id\":\"https:\/\/www.packaging-mag.com\/it\/maspe-diventa-cartesio-packaging-gruppo-cavanna\/\"},\"author\":{\"name\":\"Amerie_editricezeus\",\"@id\":\"https:\/\/www.packaging-mag.com\/it\/#\/schema\/person\/6bf6f9081a1feefbf2b5856e25288d75\"},\"headline\":\"Maspe diventa CARTESIO Packaging, Gruppo Cavanna\",\"datePublished\":\"2022-07-20T06:30:15+00:00\",\"dateModified\":\"2022-07-20T06:30:18+00:00\",\"mainEntityOfPage\":{\"@id\":\"https:\/\/www.packaging-mag.com\/it\/maspe-diventa-cartesio-packaging-gruppo-cavanna\/\"},\"wordCount\":422,\"commentCount\":0,\"publisher\":{\"@id\":\"https:\/\/www.packaging-mag.com\/it\/#organization\"},\"image\":{\"@id\":\"https:\/\/www.packaging-mag.com\/it\/maspe-diventa-cartesio-packaging-gruppo-cavanna\/#primaryimage\"},\"thumbnailUrl\":\"https:\/\/www.packaging-mag.com\/wp-content\/uploads\/2022\/07\/Sede-di-Pianezza.jpg\",\"keywords\":[\"Cartesio Packaging Srl\",\"Cavanna Group\",\"Maspe Spa\",\"packaging\",\"Prato Sesia NO\"],\"articleSection\":[\"Confezionamento\",\"Packaging\"],\"inLanguage\":\"it-IT\",\"potentialAction\":[{\"@type\":\"CommentAction\",\"name\":\"Comment\",\"target\":[\"https:\/\/www.packaging-mag.com\/it\/maspe-diventa-cartesio-packaging-gruppo-cavanna\/#respond\"]}]},{\"@type\":\"WebPage\",\"@id\":\"https:\/\/www.packaging-mag.com\/it\/maspe-diventa-cartesio-packaging-gruppo-cavanna\/\",\"url\":\"https:\/\/www.packaging-mag.com\/it\/maspe-diventa-cartesio-packaging-gruppo-cavanna\/\",\"name\":\"Maspe diventa CARTESIO Packaging, Gruppo Cavanna - Packaging International\",\"isPartOf\":{\"@id\":\"https:\/\/www.packaging-mag.com\/it\/#website\"},\"primaryImageOfPage\":{\"@id\":\"https:\/\/www.packaging-mag.com\/it\/maspe-diventa-cartesio-packaging-gruppo-cavanna\/#primaryimage\"},\"image\":{\"@id\":\"https:\/\/www.packaging-mag.com\/it\/maspe-diventa-cartesio-packaging-gruppo-cavanna\/#primaryimage\"},\"thumbnailUrl\":\"https:\/\/www.packaging-mag.com\/wp-content\/uploads\/2022\/07\/Sede-di-Pianezza.jpg\",\"datePublished\":\"2022-07-20T06:30:15+00:00\",\"dateModified\":\"2022-07-20T06:30:18+00:00\",\"description\":\"Il gruppo di Prato Sesia NO, leader nelle soluzioni chiavi in mano di packaging primario e secondario, ha definito nei giorni scorsi l\u2019affitto d\u2019azienda della Maspe SpA di Pianezza TO.\",\"breadcrumb\":{\"@id\":\"https:\/\/www.packaging-mag.com\/it\/maspe-diventa-cartesio-packaging-gruppo-cavanna\/#breadcrumb\"},\"inLanguage\":\"it-IT\",\"potentialAction\":[{\"@type\":\"ReadAction\",\"target\":[\"https:\/\/www.packaging-mag.com\/it\/maspe-diventa-cartesio-packaging-gruppo-cavanna\/\"]}]},{\"@type\":\"ImageObject\",\"inLanguage\":\"it-IT\",\"@id\":\"https:\/\/www.packaging-mag.com\/it\/maspe-diventa-cartesio-packaging-gruppo-cavanna\/#primaryimage\",\"url\":\"https:\/\/www.packaging-mag.com\/wp-content\/uploads\/2022\/07\/Sede-di-Pianezza.jpg\",\"contentUrl\":\"https:\/\/www.packaging-mag.com\/wp-content\/uploads\/2022\/07\/Sede-di-Pianezza.jpg\",\"width\":1119,\"height\":291},{\"@type\":\"BreadcrumbList\",\"@id\":\"https:\/\/www.packaging-mag.com\/it\/maspe-diventa-cartesio-packaging-gruppo-cavanna\/#breadcrumb\",\"itemListElement\":[{\"@type\":\"ListItem\",\"position\":1,\"name\":\"Home\",\"item\":\"https:\/\/www.packaging-mag.com\/it\/\"},{\"@type\":\"ListItem\",\"position\":2,\"name\":\"Maspe diventa CARTESIO Packaging, Gruppo Cavanna\"}]},{\"@type\":\"WebSite\",\"@id\":\"https:\/\/www.packaging-mag.com\/it\/#website\",\"url\":\"https:\/\/www.packaging-mag.com\/it\/\",\"name\":\"Packaging International\",\"description\":\"All for packaging\",\"publisher\":{\"@id\":\"https:\/\/www.packaging-mag.com\/it\/#organization\"},\"potentialAction\":[{\"@type\":\"SearchAction\",\"target\":{\"@type\":\"EntryPoint\",\"urlTemplate\":\"https:\/\/www.packaging-mag.com\/it\/?s={search_term_string}\"},\"query-input\":{\"@type\":\"PropertyValueSpecification\",\"valueRequired\":true,\"valueName\":\"search_term_string\"}}],\"inLanguage\":\"it-IT\"},{\"@type\":\"Organization\",\"@id\":\"https:\/\/www.packaging-mag.com\/it\/#organization\",\"name\":\"Editrice Zeus Sas\",\"url\":\"https:\/\/www.packaging-mag.com\/it\/\",\"logo\":{\"@type\":\"ImageObject\",\"inLanguage\":\"it-IT\",\"@id\":\"https:\/\/www.packaging-mag.com\/it\/#\/schema\/logo\/image\/\",\"url\":\"https:\/\/www.packaging-mag.com\/wp-content\/uploads\/2020\/02\/PACKAGING-INTERNATIONAL_editrice.png\",\"contentUrl\":\"https:\/\/www.packaging-mag.com\/wp-content\/uploads\/2020\/02\/PACKAGING-INTERNATIONAL_editrice.png\",\"width\":5020,\"height\":1205,\"caption\":\"Editrice Zeus Sas\"},\"image\":{\"@id\":\"https:\/\/www.packaging-mag.com\/it\/#\/schema\/logo\/image\/\"}},{\"@type\":\"Person\",\"@id\":\"https:\/\/www.packaging-mag.com\/it\/#\/schema\/person\/6bf6f9081a1feefbf2b5856e25288d75\",\"name\":\"Amerie_editricezeus\",\"image\":{\"@type\":\"ImageObject\",\"inLanguage\":\"it-IT\",\"@id\":\"https:\/\/secure.gravatar.com\/avatar\/33ed119a24fb9aedd04b7885a1c40aa7c042f990b313bd0d509e4abf40ea8f73?s=96&d=mm&r=g\",\"url\":\"https:\/\/secure.gravatar.com\/avatar\/33ed119a24fb9aedd04b7885a1c40aa7c042f990b313bd0d509e4abf40ea8f73?s=96&d=mm&r=g\",\"contentUrl\":\"https:\/\/secure.gravatar.com\/avatar\/33ed119a24fb9aedd04b7885a1c40aa7c042f990b313bd0d509e4abf40ea8f73?s=96&d=mm&r=g\",\"caption\":\"Amerie_editricezeus\"}}]}<\/script>\n<!-- \/ Yoast SEO plugin. -->","yoast_head_json":{"title":"Maspe diventa CARTESIO Packaging, Gruppo Cavanna - Packaging International","description":"Il gruppo di Prato Sesia NO, leader nelle soluzioni chiavi in mano di packaging primario e secondario, ha definito nei giorni scorsi l\u2019affitto d\u2019azienda della Maspe SpA di Pianezza TO.","robots":{"index":"index","follow":"follow","max-snippet":"max-snippet:-1","max-image-preview":"max-image-preview:large","max-video-preview":"max-video-preview:-1"},"canonical":"https:\/\/www.packaging-mag.com\/it\/maspe-diventa-cartesio-packaging-gruppo-cavanna\/","og_locale":"it_IT","og_type":"article","og_title":"Maspe diventa CARTESIO Packaging, Gruppo Cavanna - Packaging International","og_description":"Il gruppo di Prato Sesia NO, leader nelle soluzioni chiavi in mano di packaging primario e secondario, ha definito nei giorni scorsi l\u2019affitto d\u2019azienda della Maspe SpA di Pianezza TO.","og_url":"https:\/\/www.packaging-mag.com\/it\/maspe-diventa-cartesio-packaging-gruppo-cavanna\/","og_site_name":"Packaging International","article_published_time":"2022-07-20T06:30:15+00:00","article_modified_time":"2022-07-20T06:30:18+00:00","og_image":[{"width":1119,"height":291,"url":"https:\/\/www.packaging-mag.com\/wp-content\/uploads\/2022\/07\/Sede-di-Pianezza.jpg","type":"image\/jpeg"}],"author":"Amerie_editricezeus","twitter_card":"summary_large_image","twitter_misc":{"Scritto da":"Amerie_editricezeus","Tempo di lettura stimato":"3 minuti"},"schema":{"@context":"https:\/\/schema.org","@graph":[{"@type":"Article","@id":"https:\/\/www.packaging-mag.com\/it\/maspe-diventa-cartesio-packaging-gruppo-cavanna\/#article","isPartOf":{"@id":"https:\/\/www.packaging-mag.com\/it\/maspe-diventa-cartesio-packaging-gruppo-cavanna\/"},"author":{"name":"Amerie_editricezeus","@id":"https:\/\/www.packaging-mag.com\/it\/#\/schema\/person\/6bf6f9081a1feefbf2b5856e25288d75"},"headline":"Maspe diventa CARTESIO Packaging, Gruppo Cavanna","datePublished":"2022-07-20T06:30:15+00:00","dateModified":"2022-07-20T06:30:18+00:00","mainEntityOfPage":{"@id":"https:\/\/www.packaging-mag.com\/it\/maspe-diventa-cartesio-packaging-gruppo-cavanna\/"},"wordCount":422,"commentCount":0,"publisher":{"@id":"https:\/\/www.packaging-mag.com\/it\/#organization"},"image":{"@id":"https:\/\/www.packaging-mag.com\/it\/maspe-diventa-cartesio-packaging-gruppo-cavanna\/#primaryimage"},"thumbnailUrl":"https:\/\/www.packaging-mag.com\/wp-content\/uploads\/2022\/07\/Sede-di-Pianezza.jpg","keywords":["Cartesio Packaging Srl","Cavanna Group","Maspe Spa","packaging","Prato Sesia NO"],"articleSection":["Confezionamento","Packaging"],"inLanguage":"it-IT","potentialAction":[{"@type":"CommentAction","name":"Comment","target":["https:\/\/www.packaging-mag.com\/it\/maspe-diventa-cartesio-packaging-gruppo-cavanna\/#respond"]}]},{"@type":"WebPage","@id":"https:\/\/www.packaging-mag.com\/it\/maspe-diventa-cartesio-packaging-gruppo-cavanna\/","url":"https:\/\/www.packaging-mag.com\/it\/maspe-diventa-cartesio-packaging-gruppo-cavanna\/","name":"Maspe diventa CARTESIO Packaging, Gruppo Cavanna - Packaging International","isPartOf":{"@id":"https:\/\/www.packaging-mag.com\/it\/#website"},"primaryImageOfPage":{"@id":"https:\/\/www.packaging-mag.com\/it\/maspe-diventa-cartesio-packaging-gruppo-cavanna\/#primaryimage"},"image":{"@id":"https:\/\/www.packaging-mag.com\/it\/maspe-diventa-cartesio-packaging-gruppo-cavanna\/#primaryimage"},"thumbnailUrl":"https:\/\/www.packaging-mag.com\/wp-content\/uploads\/2022\/07\/Sede-di-Pianezza.jpg","datePublished":"2022-07-20T06:30:15+00:00","dateModified":"2022-07-20T06:30:18+00:00","description":"Il gruppo di Prato Sesia NO, leader nelle soluzioni chiavi in mano di packaging primario e secondario, ha definito nei giorni scorsi l\u2019affitto d\u2019azienda della Maspe SpA di Pianezza TO.","breadcrumb":{"@id":"https:\/\/www.packaging-mag.com\/it\/maspe-diventa-cartesio-packaging-gruppo-cavanna\/#breadcrumb"},"inLanguage":"it-IT","potentialAction":[{"@type":"ReadAction","target":["https:\/\/www.packaging-mag.com\/it\/maspe-diventa-cartesio-packaging-gruppo-cavanna\/"]}]},{"@type":"ImageObject","inLanguage":"it-IT","@id":"https:\/\/www.packaging-mag.com\/it\/maspe-diventa-cartesio-packaging-gruppo-cavanna\/#primaryimage","url":"https:\/\/www.packaging-mag.com\/wp-content\/uploads\/2022\/07\/Sede-di-Pianezza.jpg","contentUrl":"https:\/\/www.packaging-mag.com\/wp-content\/uploads\/2022\/07\/Sede-di-Pianezza.jpg","width":1119,"height":291},{"@type":"BreadcrumbList","@id":"https:\/\/www.packaging-mag.com\/it\/maspe-diventa-cartesio-packaging-gruppo-cavanna\/#breadcrumb","itemListElement":[{"@type":"ListItem","position":1,"name":"Home","item":"https:\/\/www.packaging-mag.com\/it\/"},{"@type":"ListItem","position":2,"name":"Maspe diventa CARTESIO Packaging, Gruppo Cavanna"}]},{"@type":"WebSite","@id":"https:\/\/www.packaging-mag.com\/it\/#website","url":"https:\/\/www.packaging-mag.com\/it\/","name":"Packaging International","description":"All for packaging","publisher":{"@id":"https:\/\/www.packaging-mag.com\/it\/#organization"},"potentialAction":[{"@type":"SearchAction","target":{"@type":"EntryPoint","urlTemplate":"https:\/\/www.packaging-mag.com\/it\/?s={search_term_string}"},"query-input":{"@type":"PropertyValueSpecification","valueRequired":true,"valueName":"search_term_string"}}],"inLanguage":"it-IT"},{"@type":"Organization","@id":"https:\/\/www.packaging-mag.com\/it\/#organization","name":"Editrice Zeus Sas","url":"https:\/\/www.packaging-mag.com\/it\/","logo":{"@type":"ImageObject","inLanguage":"it-IT","@id":"https:\/\/www.packaging-mag.com\/it\/#\/schema\/logo\/image\/","url":"https:\/\/www.packaging-mag.com\/wp-content\/uploads\/2020\/02\/PACKAGING-INTERNATIONAL_editrice.png","contentUrl":"https:\/\/www.packaging-mag.com\/wp-content\/uploads\/2020\/02\/PACKAGING-INTERNATIONAL_editrice.png","width":5020,"height":1205,"caption":"Editrice Zeus Sas"},"image":{"@id":"https:\/\/www.packaging-mag.com\/it\/#\/schema\/logo\/image\/"}},{"@type":"Person","@id":"https:\/\/www.packaging-mag.com\/it\/#\/schema\/person\/6bf6f9081a1feefbf2b5856e25288d75","name":"Amerie_editricezeus","image":{"@type":"ImageObject","inLanguage":"it-IT","@id":"https:\/\/secure.gravatar.com\/avatar\/33ed119a24fb9aedd04b7885a1c40aa7c042f990b313bd0d509e4abf40ea8f73?s=96&d=mm&r=g","url":"https:\/\/secure.gravatar.com\/avatar\/33ed119a24fb9aedd04b7885a1c40aa7c042f990b313bd0d509e4abf40ea8f73?s=96&d=mm&r=g","contentUrl":"https:\/\/secure.gravatar.com\/avatar\/33ed119a24fb9aedd04b7885a1c40aa7c042f990b313bd0d509e4abf40ea8f73?s=96&d=mm&r=g","caption":"Amerie_editricezeus"}}]}},"_links":{"self":[{"href":"https:\/\/www.packaging-mag.com\/it\/wp-json\/wp\/v2\/posts\/16424","targetHints":{"allow":["GET"]}}],"collection":[{"href":"https:\/\/www.packaging-mag.com\/it\/wp-json\/wp\/v2\/posts"}],"about":[{"href":"https:\/\/www.packaging-mag.com\/it\/wp-json\/wp\/v2\/types\/post"}],"author":[{"embeddable":true,"href":"https:\/\/www.packaging-mag.com\/it\/wp-json\/wp\/v2\/users\/21"}],"replies":[{"embeddable":true,"href":"https:\/\/www.packaging-mag.com\/it\/wp-json\/wp\/v2\/comments?post=16424"}],"version-history":[{"count":0,"href":"https:\/\/www.packaging-mag.com\/it\/wp-json\/wp\/v2\/posts\/16424\/revisions"}],"wp:featuredmedia":[{"embeddable":true,"href":"https:\/\/www.packaging-mag.com\/it\/wp-json\/wp\/v2\/media\/16425"}],"wp:attachment":[{"href":"https:\/\/www.packaging-mag.com\/it\/wp-json\/wp\/v2\/media?parent=16424"}],"wp:term":[{"taxonomy":"category","embeddable":true,"href":"https:\/\/www.packaging-mag.com\/it\/wp-json\/wp\/v2\/categories?post=16424"},{"taxonomy":"post_tag","embeddable":true,"href":"https:\/\/www.packaging-mag.com\/it\/wp-json\/wp\/v2\/tags?post=16424"}],"curies":[{"name":"wp","href":"https:\/\/api.w.org\/{rel}","templated":true}]}}