{"id":14191,"date":"2022-02-01T14:37:28","date_gmt":"2022-02-01T13:37:28","guid":{"rendered":"https:\/\/www.packaging-mag.com\/?p=14191"},"modified":"2022-06-16T08:47:20","modified_gmt":"2022-06-16T07:47:20","slug":"il-polo-tecnologico-della-cosmesi-e-lassociazione-di-riferimento-per-le-aziende-della-filiera-produttiva-cosmetica-e-del-make-up","status":"publish","type":"post","link":"https:\/\/www.packaging-mag.com\/it\/il-polo-tecnologico-della-cosmesi-e-lassociazione-di-riferimento-per-le-aziende-della-filiera-produttiva-cosmetica-e-del-make-up\/","title":{"rendered":"Il Polo Tecnologico della cosmesi  \u00c8 L\u2019associazione di riferimento per le azienda della filliera produttiva cosmetica e del make-up"},"content":{"rendered":"\n<p>Fondato nel 2005 a Crema, nel cuore della <strong>Cosmetic Valley italiana<\/strong>, il <a href=\"https:\/\/www.polocosmesi.com\/\" target=\"_blank\" rel=\"noreferrer noopener\"><strong>Polo della Cosmesi<\/strong> <\/a>nel tempo \u00e8 cresciuto, si \u00e8 strutturato, acquisendo autorevolezza nel settore a livello internazionale.<\/p>\n\n\n\n<p>Oggi l\u2019Associazione annovera pi\u00f9 di 80 aziende rappresentative del sistema cosmetico ed espressione dell\u2019Italian touch, quel mix di qualit\u00e0, innovazione ed esperienza che caratterizza il beauty Made in Italy.<\/p>\n\n\n\n<p>&nbsp;Tra gli associati figurano aziende di produzione e distribuzione delle materie prime, bulk\/ prodotto, R&amp;D, riempimento, packaging primario e secondario, decorazioni, confezionamento, automazione e robotica.<\/p>\n\n\n\n<figure class=\"wp-block-gallery has-nested-images columns-default is-cropped wp-block-gallery-1 is-layout-flex wp-block-gallery-is-layout-flex\">\n<figure class=\"wp-block-image size-post-thumbnail\"><img fetchpriority=\"high\" decoding=\"async\" width=\"302\" height=\"265\" data-id=\"14192\" src=\"https:\/\/www.packaging-mag.com\/wp-content\/uploads\/2022\/02\/image-302x265.png\" alt=\"\" class=\"wp-image-14192\"\/><\/figure>\n\n\n\n<figure class=\"wp-block-image size-post-thumbnail\"><img decoding=\"async\" width=\"230\" height=\"265\" data-id=\"14194\" src=\"https:\/\/www.packaging-mag.com\/wp-content\/uploads\/2022\/02\/image-1-230x265.png\" alt=\"\" class=\"wp-image-14194\"\/><\/figure>\n\n\n\n<figure class=\"wp-block-image size-post-thumbnail\"><img decoding=\"async\" width=\"1024\" height=\"943\" data-id=\"14198\" src=\"https:\/\/www.packaging-mag.com\/wp-content\/uploads\/2022\/02\/ASSOCIAZIONE-POLO-COSMESI-PI-2-21-2-1024x943.jpg\" alt=\"\" class=\"wp-image-14198\" srcset=\"https:\/\/www.packaging-mag.com\/wp-content\/uploads\/2022\/02\/ASSOCIAZIONE-POLO-COSMESI-PI-2-21-2-1024x943.jpg 1024w, https:\/\/www.packaging-mag.com\/wp-content\/uploads\/2022\/02\/ASSOCIAZIONE-POLO-COSMESI-PI-2-21-2-300x276.jpg 300w, https:\/\/www.packaging-mag.com\/wp-content\/uploads\/2022\/02\/ASSOCIAZIONE-POLO-COSMESI-PI-2-21-2-768x707.jpg 768w, https:\/\/www.packaging-mag.com\/wp-content\/uploads\/2022\/02\/ASSOCIAZIONE-POLO-COSMESI-PI-2-21-2-600x553.jpg 600w, https:\/\/www.packaging-mag.com\/wp-content\/uploads\/2022\/02\/ASSOCIAZIONE-POLO-COSMESI-PI-2-21-2.jpg 1408w\" sizes=\"(max-width: 1024px) 100vw, 1024px\" \/><\/figure>\n<\/figure>\n\n\n\n<p>L\u2019Associazione, che si pone come obiettivo quello di stimolare il networking e il dialogo tra le imprese, si occupa anche di: formazione avanzata e consulenza, ufficio stampa, comunicazione e eventi, matchmaking e internazionalizzazione.<\/p>\n\n\n\n<p>Fautore di diverse iniziative di crescita e promozione delle imprese sul territorio, il<strong> Polo della Cosmesi<\/strong> \u00e8 tra i fondatori del Global Cosmetics Cluster Europe: progetto di sviluppo internazionale rivolto alle PMI e finanziato dall\u2019Unione Europea che vede impegnati i pi\u00f9 importanti cluster cosmetici (Cosmetic Valley &#8211; Francia, Beauty Cluster -Barcellona, AEBB &#8211; Associa\u00e7\u00e3o Empresarial da Beira Baixa &#8211; Portogallo, TransilvaniaLifeStyle &#8211; Romania, \u0130KM\u0130B &#8211; \u0130stanbul Kimyevi Maddeler ve Mamulleri \u0130hracat\u00e7\u0131lar\u0131 Birli\u011fi &#8211; Turchia) nel supportare le imprese interessate a accedere a nuovi mercati esteri favorendo la R&amp;D e la cooperazione internazionale.<\/p>\n\n\n\n<p>Anche in tema di formazione la proposta del <strong>Polo della Cosmes<\/strong>i si distingue per assortimento e qualit\u00e0, grazie alle partnership con primarie societ\u00e0 di consulenza e agenzie di trend internazionali: il catalogo conta decine di corsi avanzati e di webinar gratuiti fruibili comodamente online.<\/p>\n\n\n\n<p><strong><a href=\"https:\/\/digital.editricezeus.info\/distribuzione-packaging-international-1-2022\/\" target=\"_blank\" rel=\"noreferrer noopener\">SCARICA QUI COPIA GRATUITA DI PACKAGING INTERNATIONAL 1-2022<\/a><\/strong><\/p>\n\n\n<div class=\"wp-block-image\">\n<figure class=\"alignleft size-full is-resized\"><img loading=\"lazy\" decoding=\"async\" src=\"https:\/\/www.packaging-mag.com\/wp-content\/uploads\/2022\/02\/ASSOCIAZIONE-POLO-COSMESI-PI-2-21-3.jpg\" alt=\"\" class=\"wp-image-14196\" width=\"118\" height=\"121\"\/><figcaption><strong><a href=\"http:\/\/www.polocosmesi.com\">www.polocosmesi.com<\/a><\/strong><\/figcaption><\/figure>\n<\/div>","protected":false},"excerpt":{"rendered":"<p>Fondato nel 2005 a Crema, nel cuore della Cosmetic Valley italiana, il Polo della Cosmesi nel tempo \u00e8 cresciuto, si \u00e8 strutturato, acquisendo autorevolezza nel settore a livello internazionale. Oggi l\u2019Associazione annovera pi\u00f9 di 80 aziende rappresentative del sistema cosmetico ed espressione dell\u2019Italian touch, quel mix di qualit\u00e0, innovazione ed esperienza che caratterizza il beauty [&hellip;]<\/p>\n","protected":false},"author":21,"featured_media":14914,"comment_status":"open","ping_status":"closed","sticky":false,"template":"","format":"standard","meta":{"footnotes":""},"categories":[910],"tags":[1332,1401,1400],"class_list":["post-14191","post","type-post","status-publish","format-standard","has-post-thumbnail","hentry","category-cosmetica","tag-cosmetics","tag-make-up","tag-polo-della-cosmesi"],"yoast_head":"<!-- This site is optimized with the Yoast SEO plugin v27.2 - https:\/\/yoast.com\/product\/yoast-seo-wordpress\/ -->\n<title>Il Polo Tecnologico della cosmesi \u00c8 L\u2019associazione di riferimento per le azienda della filliera produttiva cosmetica e del make-up - Packaging International<\/title>\n<meta name=\"description\" content=\"Fondato nel 2005 a Crema, nel cuore della Cosmetic Valley italiana, il Polo della Cosmesi nel tempo \u00e8 cresciuto, si \u00e8 strutturato, acquisendo autorevolezza nel settore a livello internazionale.\" \/>\n<meta name=\"robots\" content=\"index, follow, max-snippet:-1, max-image-preview:large, max-video-preview:-1\" \/>\n<link rel=\"canonical\" href=\"https:\/\/www.packaging-mag.com\/it\/il-polo-tecnologico-della-cosmesi-e-lassociazione-di-riferimento-per-le-aziende-della-filiera-produttiva-cosmetica-e-del-make-up\/\" \/>\n<meta property=\"og:locale\" content=\"it_IT\" \/>\n<meta property=\"og:type\" content=\"article\" \/>\n<meta property=\"og:title\" content=\"Il Polo Tecnologico della cosmesi \u00c8 L\u2019associazione di riferimento per le azienda della filliera produttiva cosmetica e del make-up - Packaging International\" \/>\n<meta property=\"og:description\" content=\"Fondato nel 2005 a Crema, nel cuore della Cosmetic Valley italiana, il Polo della Cosmesi nel tempo \u00e8 cresciuto, si \u00e8 strutturato, acquisendo autorevolezza nel settore a livello internazionale.\" \/>\n<meta property=\"og:url\" content=\"https:\/\/www.packaging-mag.com\/it\/il-polo-tecnologico-della-cosmesi-e-lassociazione-di-riferimento-per-le-aziende-della-filiera-produttiva-cosmetica-e-del-make-up\/\" \/>\n<meta property=\"og:site_name\" content=\"Packaging International\" \/>\n<meta property=\"article:published_time\" content=\"2022-02-01T13:37:28+00:00\" \/>\n<meta property=\"article:modified_time\" content=\"2022-06-16T07:47:20+00:00\" \/>\n<meta property=\"og:image\" content=\"https:\/\/www.packaging-mag.com\/wp-content\/uploads\/2022\/02\/banner_polo.jpg\" \/>\n\t<meta property=\"og:image:width\" content=\"1200\" \/>\n\t<meta property=\"og:image:height\" content=\"600\" \/>\n\t<meta property=\"og:image:type\" content=\"image\/jpeg\" \/>\n<meta name=\"author\" content=\"Amerie_editricezeus\" \/>\n<meta name=\"twitter:card\" content=\"summary_large_image\" \/>\n<meta name=\"twitter:label1\" content=\"Scritto da\" \/>\n\t<meta name=\"twitter:data1\" content=\"Amerie_editricezeus\" \/>\n\t<meta name=\"twitter:label2\" content=\"Tempo di lettura stimato\" \/>\n\t<meta name=\"twitter:data2\" content=\"2 minuti\" \/>\n<script type=\"application\/ld+json\" class=\"yoast-schema-graph\">{\"@context\":\"https:\/\/schema.org\",\"@graph\":[{\"@type\":\"Article\",\"@id\":\"https:\/\/www.packaging-mag.com\/it\/il-polo-tecnologico-della-cosmesi-e-lassociazione-di-riferimento-per-le-aziende-della-filiera-produttiva-cosmetica-e-del-make-up\/#article\",\"isPartOf\":{\"@id\":\"https:\/\/www.packaging-mag.com\/it\/il-polo-tecnologico-della-cosmesi-e-lassociazione-di-riferimento-per-le-aziende-della-filiera-produttiva-cosmetica-e-del-make-up\/\"},\"author\":{\"name\":\"Amerie_editricezeus\",\"@id\":\"https:\/\/www.packaging-mag.com\/it\/#\/schema\/person\/6bf6f9081a1feefbf2b5856e25288d75\"},\"headline\":\"Il Polo Tecnologico della cosmesi \u00c8 L\u2019associazione di riferimento per le azienda della filliera produttiva cosmetica e del make-up\",\"datePublished\":\"2022-02-01T13:37:28+00:00\",\"dateModified\":\"2022-06-16T07:47:20+00:00\",\"mainEntityOfPage\":{\"@id\":\"https:\/\/www.packaging-mag.com\/it\/il-polo-tecnologico-della-cosmesi-e-lassociazione-di-riferimento-per-le-aziende-della-filiera-produttiva-cosmetica-e-del-make-up\/\"},\"wordCount\":290,\"commentCount\":0,\"publisher\":{\"@id\":\"https:\/\/www.packaging-mag.com\/it\/#organization\"},\"image\":{\"@id\":\"https:\/\/www.packaging-mag.com\/it\/il-polo-tecnologico-della-cosmesi-e-lassociazione-di-riferimento-per-le-aziende-della-filiera-produttiva-cosmetica-e-del-make-up\/#primaryimage\"},\"thumbnailUrl\":\"https:\/\/www.packaging-mag.com\/wp-content\/uploads\/2022\/02\/banner_polo.jpg\",\"keywords\":[\"Cosmetics\",\"Make up\",\"Polo della Cosmesi\"],\"articleSection\":[\"Cosmetica\"],\"inLanguage\":\"it-IT\",\"potentialAction\":[{\"@type\":\"CommentAction\",\"name\":\"Comment\",\"target\":[\"https:\/\/www.packaging-mag.com\/it\/il-polo-tecnologico-della-cosmesi-e-lassociazione-di-riferimento-per-le-aziende-della-filiera-produttiva-cosmetica-e-del-make-up\/#respond\"]}]},{\"@type\":\"WebPage\",\"@id\":\"https:\/\/www.packaging-mag.com\/it\/il-polo-tecnologico-della-cosmesi-e-lassociazione-di-riferimento-per-le-aziende-della-filiera-produttiva-cosmetica-e-del-make-up\/\",\"url\":\"https:\/\/www.packaging-mag.com\/it\/il-polo-tecnologico-della-cosmesi-e-lassociazione-di-riferimento-per-le-aziende-della-filiera-produttiva-cosmetica-e-del-make-up\/\",\"name\":\"Il Polo Tecnologico della cosmesi \u00c8 L\u2019associazione di riferimento per le azienda della filliera produttiva cosmetica e del make-up - Packaging International\",\"isPartOf\":{\"@id\":\"https:\/\/www.packaging-mag.com\/it\/#website\"},\"primaryImageOfPage\":{\"@id\":\"https:\/\/www.packaging-mag.com\/it\/il-polo-tecnologico-della-cosmesi-e-lassociazione-di-riferimento-per-le-aziende-della-filiera-produttiva-cosmetica-e-del-make-up\/#primaryimage\"},\"image\":{\"@id\":\"https:\/\/www.packaging-mag.com\/it\/il-polo-tecnologico-della-cosmesi-e-lassociazione-di-riferimento-per-le-aziende-della-filiera-produttiva-cosmetica-e-del-make-up\/#primaryimage\"},\"thumbnailUrl\":\"https:\/\/www.packaging-mag.com\/wp-content\/uploads\/2022\/02\/banner_polo.jpg\",\"datePublished\":\"2022-02-01T13:37:28+00:00\",\"dateModified\":\"2022-06-16T07:47:20+00:00\",\"description\":\"Fondato nel 2005 a Crema, nel cuore della Cosmetic Valley italiana, il Polo della Cosmesi nel tempo \u00e8 cresciuto, si \u00e8 strutturato, acquisendo autorevolezza nel settore a livello internazionale.\",\"breadcrumb\":{\"@id\":\"https:\/\/www.packaging-mag.com\/it\/il-polo-tecnologico-della-cosmesi-e-lassociazione-di-riferimento-per-le-aziende-della-filiera-produttiva-cosmetica-e-del-make-up\/#breadcrumb\"},\"inLanguage\":\"it-IT\",\"potentialAction\":[{\"@type\":\"ReadAction\",\"target\":[\"https:\/\/www.packaging-mag.com\/it\/il-polo-tecnologico-della-cosmesi-e-lassociazione-di-riferimento-per-le-aziende-della-filiera-produttiva-cosmetica-e-del-make-up\/\"]}]},{\"@type\":\"ImageObject\",\"inLanguage\":\"it-IT\",\"@id\":\"https:\/\/www.packaging-mag.com\/it\/il-polo-tecnologico-della-cosmesi-e-lassociazione-di-riferimento-per-le-aziende-della-filiera-produttiva-cosmetica-e-del-make-up\/#primaryimage\",\"url\":\"https:\/\/www.packaging-mag.com\/wp-content\/uploads\/2022\/02\/banner_polo.jpg\",\"contentUrl\":\"https:\/\/www.packaging-mag.com\/wp-content\/uploads\/2022\/02\/banner_polo.jpg\",\"width\":1200,\"height\":600},{\"@type\":\"BreadcrumbList\",\"@id\":\"https:\/\/www.packaging-mag.com\/it\/il-polo-tecnologico-della-cosmesi-e-lassociazione-di-riferimento-per-le-aziende-della-filiera-produttiva-cosmetica-e-del-make-up\/#breadcrumb\",\"itemListElement\":[{\"@type\":\"ListItem\",\"position\":1,\"name\":\"Home\",\"item\":\"https:\/\/www.packaging-mag.com\/it\/\"},{\"@type\":\"ListItem\",\"position\":2,\"name\":\"Il Polo Tecnologico della cosmesi \u00c8 L\u2019associazione di riferimento per le azienda della filliera produttiva cosmetica e del make-up\"}]},{\"@type\":\"WebSite\",\"@id\":\"https:\/\/www.packaging-mag.com\/it\/#website\",\"url\":\"https:\/\/www.packaging-mag.com\/it\/\",\"name\":\"Packaging International\",\"description\":\"All for packaging\",\"publisher\":{\"@id\":\"https:\/\/www.packaging-mag.com\/it\/#organization\"},\"potentialAction\":[{\"@type\":\"SearchAction\",\"target\":{\"@type\":\"EntryPoint\",\"urlTemplate\":\"https:\/\/www.packaging-mag.com\/it\/?s={search_term_string}\"},\"query-input\":{\"@type\":\"PropertyValueSpecification\",\"valueRequired\":true,\"valueName\":\"search_term_string\"}}],\"inLanguage\":\"it-IT\"},{\"@type\":\"Organization\",\"@id\":\"https:\/\/www.packaging-mag.com\/it\/#organization\",\"name\":\"Editrice Zeus Sas\",\"url\":\"https:\/\/www.packaging-mag.com\/it\/\",\"logo\":{\"@type\":\"ImageObject\",\"inLanguage\":\"it-IT\",\"@id\":\"https:\/\/www.packaging-mag.com\/it\/#\/schema\/logo\/image\/\",\"url\":\"https:\/\/www.packaging-mag.com\/wp-content\/uploads\/2020\/02\/PACKAGING-INTERNATIONAL_editrice.png\",\"contentUrl\":\"https:\/\/www.packaging-mag.com\/wp-content\/uploads\/2020\/02\/PACKAGING-INTERNATIONAL_editrice.png\",\"width\":5020,\"height\":1205,\"caption\":\"Editrice Zeus Sas\"},\"image\":{\"@id\":\"https:\/\/www.packaging-mag.com\/it\/#\/schema\/logo\/image\/\"}},{\"@type\":\"Person\",\"@id\":\"https:\/\/www.packaging-mag.com\/it\/#\/schema\/person\/6bf6f9081a1feefbf2b5856e25288d75\",\"name\":\"Amerie_editricezeus\",\"image\":{\"@type\":\"ImageObject\",\"inLanguage\":\"it-IT\",\"@id\":\"https:\/\/secure.gravatar.com\/avatar\/33ed119a24fb9aedd04b7885a1c40aa7c042f990b313bd0d509e4abf40ea8f73?s=96&d=mm&r=g\",\"url\":\"https:\/\/secure.gravatar.com\/avatar\/33ed119a24fb9aedd04b7885a1c40aa7c042f990b313bd0d509e4abf40ea8f73?s=96&d=mm&r=g\",\"contentUrl\":\"https:\/\/secure.gravatar.com\/avatar\/33ed119a24fb9aedd04b7885a1c40aa7c042f990b313bd0d509e4abf40ea8f73?s=96&d=mm&r=g\",\"caption\":\"Amerie_editricezeus\"}}]}<\/script>\n<!-- \/ Yoast SEO plugin. -->","yoast_head_json":{"title":"Il Polo Tecnologico della cosmesi \u00c8 L\u2019associazione di riferimento per le azienda della filliera produttiva cosmetica e del make-up - Packaging International","description":"Fondato nel 2005 a Crema, nel cuore della Cosmetic Valley italiana, il Polo della Cosmesi nel tempo \u00e8 cresciuto, si \u00e8 strutturato, acquisendo autorevolezza nel settore a livello internazionale.","robots":{"index":"index","follow":"follow","max-snippet":"max-snippet:-1","max-image-preview":"max-image-preview:large","max-video-preview":"max-video-preview:-1"},"canonical":"https:\/\/www.packaging-mag.com\/it\/il-polo-tecnologico-della-cosmesi-e-lassociazione-di-riferimento-per-le-aziende-della-filiera-produttiva-cosmetica-e-del-make-up\/","og_locale":"it_IT","og_type":"article","og_title":"Il Polo Tecnologico della cosmesi \u00c8 L\u2019associazione di riferimento per le azienda della filliera produttiva cosmetica e del make-up - Packaging International","og_description":"Fondato nel 2005 a Crema, nel cuore della Cosmetic Valley italiana, il Polo della Cosmesi nel tempo \u00e8 cresciuto, si \u00e8 strutturato, acquisendo autorevolezza nel settore a livello internazionale.","og_url":"https:\/\/www.packaging-mag.com\/it\/il-polo-tecnologico-della-cosmesi-e-lassociazione-di-riferimento-per-le-aziende-della-filiera-produttiva-cosmetica-e-del-make-up\/","og_site_name":"Packaging International","article_published_time":"2022-02-01T13:37:28+00:00","article_modified_time":"2022-06-16T07:47:20+00:00","og_image":[{"width":1200,"height":600,"url":"https:\/\/www.packaging-mag.com\/wp-content\/uploads\/2022\/02\/banner_polo.jpg","type":"image\/jpeg"}],"author":"Amerie_editricezeus","twitter_card":"summary_large_image","twitter_misc":{"Scritto da":"Amerie_editricezeus","Tempo di lettura stimato":"2 minuti"},"schema":{"@context":"https:\/\/schema.org","@graph":[{"@type":"Article","@id":"https:\/\/www.packaging-mag.com\/it\/il-polo-tecnologico-della-cosmesi-e-lassociazione-di-riferimento-per-le-aziende-della-filiera-produttiva-cosmetica-e-del-make-up\/#article","isPartOf":{"@id":"https:\/\/www.packaging-mag.com\/it\/il-polo-tecnologico-della-cosmesi-e-lassociazione-di-riferimento-per-le-aziende-della-filiera-produttiva-cosmetica-e-del-make-up\/"},"author":{"name":"Amerie_editricezeus","@id":"https:\/\/www.packaging-mag.com\/it\/#\/schema\/person\/6bf6f9081a1feefbf2b5856e25288d75"},"headline":"Il Polo Tecnologico della cosmesi \u00c8 L\u2019associazione di riferimento per le azienda della filliera produttiva cosmetica e del make-up","datePublished":"2022-02-01T13:37:28+00:00","dateModified":"2022-06-16T07:47:20+00:00","mainEntityOfPage":{"@id":"https:\/\/www.packaging-mag.com\/it\/il-polo-tecnologico-della-cosmesi-e-lassociazione-di-riferimento-per-le-aziende-della-filiera-produttiva-cosmetica-e-del-make-up\/"},"wordCount":290,"commentCount":0,"publisher":{"@id":"https:\/\/www.packaging-mag.com\/it\/#organization"},"image":{"@id":"https:\/\/www.packaging-mag.com\/it\/il-polo-tecnologico-della-cosmesi-e-lassociazione-di-riferimento-per-le-aziende-della-filiera-produttiva-cosmetica-e-del-make-up\/#primaryimage"},"thumbnailUrl":"https:\/\/www.packaging-mag.com\/wp-content\/uploads\/2022\/02\/banner_polo.jpg","keywords":["Cosmetics","Make up","Polo della Cosmesi"],"articleSection":["Cosmetica"],"inLanguage":"it-IT","potentialAction":[{"@type":"CommentAction","name":"Comment","target":["https:\/\/www.packaging-mag.com\/it\/il-polo-tecnologico-della-cosmesi-e-lassociazione-di-riferimento-per-le-aziende-della-filiera-produttiva-cosmetica-e-del-make-up\/#respond"]}]},{"@type":"WebPage","@id":"https:\/\/www.packaging-mag.com\/it\/il-polo-tecnologico-della-cosmesi-e-lassociazione-di-riferimento-per-le-aziende-della-filiera-produttiva-cosmetica-e-del-make-up\/","url":"https:\/\/www.packaging-mag.com\/it\/il-polo-tecnologico-della-cosmesi-e-lassociazione-di-riferimento-per-le-aziende-della-filiera-produttiva-cosmetica-e-del-make-up\/","name":"Il Polo Tecnologico della cosmesi \u00c8 L\u2019associazione di riferimento per le azienda della filliera produttiva cosmetica e del make-up - Packaging International","isPartOf":{"@id":"https:\/\/www.packaging-mag.com\/it\/#website"},"primaryImageOfPage":{"@id":"https:\/\/www.packaging-mag.com\/it\/il-polo-tecnologico-della-cosmesi-e-lassociazione-di-riferimento-per-le-aziende-della-filiera-produttiva-cosmetica-e-del-make-up\/#primaryimage"},"image":{"@id":"https:\/\/www.packaging-mag.com\/it\/il-polo-tecnologico-della-cosmesi-e-lassociazione-di-riferimento-per-le-aziende-della-filiera-produttiva-cosmetica-e-del-make-up\/#primaryimage"},"thumbnailUrl":"https:\/\/www.packaging-mag.com\/wp-content\/uploads\/2022\/02\/banner_polo.jpg","datePublished":"2022-02-01T13:37:28+00:00","dateModified":"2022-06-16T07:47:20+00:00","description":"Fondato nel 2005 a Crema, nel cuore della Cosmetic Valley italiana, il Polo della Cosmesi nel tempo \u00e8 cresciuto, si \u00e8 strutturato, acquisendo autorevolezza nel settore a livello internazionale.","breadcrumb":{"@id":"https:\/\/www.packaging-mag.com\/it\/il-polo-tecnologico-della-cosmesi-e-lassociazione-di-riferimento-per-le-aziende-della-filiera-produttiva-cosmetica-e-del-make-up\/#breadcrumb"},"inLanguage":"it-IT","potentialAction":[{"@type":"ReadAction","target":["https:\/\/www.packaging-mag.com\/it\/il-polo-tecnologico-della-cosmesi-e-lassociazione-di-riferimento-per-le-aziende-della-filiera-produttiva-cosmetica-e-del-make-up\/"]}]},{"@type":"ImageObject","inLanguage":"it-IT","@id":"https:\/\/www.packaging-mag.com\/it\/il-polo-tecnologico-della-cosmesi-e-lassociazione-di-riferimento-per-le-aziende-della-filiera-produttiva-cosmetica-e-del-make-up\/#primaryimage","url":"https:\/\/www.packaging-mag.com\/wp-content\/uploads\/2022\/02\/banner_polo.jpg","contentUrl":"https:\/\/www.packaging-mag.com\/wp-content\/uploads\/2022\/02\/banner_polo.jpg","width":1200,"height":600},{"@type":"BreadcrumbList","@id":"https:\/\/www.packaging-mag.com\/it\/il-polo-tecnologico-della-cosmesi-e-lassociazione-di-riferimento-per-le-aziende-della-filiera-produttiva-cosmetica-e-del-make-up\/#breadcrumb","itemListElement":[{"@type":"ListItem","position":1,"name":"Home","item":"https:\/\/www.packaging-mag.com\/it\/"},{"@type":"ListItem","position":2,"name":"Il Polo Tecnologico della cosmesi \u00c8 L\u2019associazione di riferimento per le azienda della filliera produttiva cosmetica e del make-up"}]},{"@type":"WebSite","@id":"https:\/\/www.packaging-mag.com\/it\/#website","url":"https:\/\/www.packaging-mag.com\/it\/","name":"Packaging International","description":"All for packaging","publisher":{"@id":"https:\/\/www.packaging-mag.com\/it\/#organization"},"potentialAction":[{"@type":"SearchAction","target":{"@type":"EntryPoint","urlTemplate":"https:\/\/www.packaging-mag.com\/it\/?s={search_term_string}"},"query-input":{"@type":"PropertyValueSpecification","valueRequired":true,"valueName":"search_term_string"}}],"inLanguage":"it-IT"},{"@type":"Organization","@id":"https:\/\/www.packaging-mag.com\/it\/#organization","name":"Editrice Zeus Sas","url":"https:\/\/www.packaging-mag.com\/it\/","logo":{"@type":"ImageObject","inLanguage":"it-IT","@id":"https:\/\/www.packaging-mag.com\/it\/#\/schema\/logo\/image\/","url":"https:\/\/www.packaging-mag.com\/wp-content\/uploads\/2020\/02\/PACKAGING-INTERNATIONAL_editrice.png","contentUrl":"https:\/\/www.packaging-mag.com\/wp-content\/uploads\/2020\/02\/PACKAGING-INTERNATIONAL_editrice.png","width":5020,"height":1205,"caption":"Editrice Zeus Sas"},"image":{"@id":"https:\/\/www.packaging-mag.com\/it\/#\/schema\/logo\/image\/"}},{"@type":"Person","@id":"https:\/\/www.packaging-mag.com\/it\/#\/schema\/person\/6bf6f9081a1feefbf2b5856e25288d75","name":"Amerie_editricezeus","image":{"@type":"ImageObject","inLanguage":"it-IT","@id":"https:\/\/secure.gravatar.com\/avatar\/33ed119a24fb9aedd04b7885a1c40aa7c042f990b313bd0d509e4abf40ea8f73?s=96&d=mm&r=g","url":"https:\/\/secure.gravatar.com\/avatar\/33ed119a24fb9aedd04b7885a1c40aa7c042f990b313bd0d509e4abf40ea8f73?s=96&d=mm&r=g","contentUrl":"https:\/\/secure.gravatar.com\/avatar\/33ed119a24fb9aedd04b7885a1c40aa7c042f990b313bd0d509e4abf40ea8f73?s=96&d=mm&r=g","caption":"Amerie_editricezeus"}}]}},"_links":{"self":[{"href":"https:\/\/www.packaging-mag.com\/it\/wp-json\/wp\/v2\/posts\/14191","targetHints":{"allow":["GET"]}}],"collection":[{"href":"https:\/\/www.packaging-mag.com\/it\/wp-json\/wp\/v2\/posts"}],"about":[{"href":"https:\/\/www.packaging-mag.com\/it\/wp-json\/wp\/v2\/types\/post"}],"author":[{"embeddable":true,"href":"https:\/\/www.packaging-mag.com\/it\/wp-json\/wp\/v2\/users\/21"}],"replies":[{"embeddable":true,"href":"https:\/\/www.packaging-mag.com\/it\/wp-json\/wp\/v2\/comments?post=14191"}],"version-history":[{"count":0,"href":"https:\/\/www.packaging-mag.com\/it\/wp-json\/wp\/v2\/posts\/14191\/revisions"}],"wp:featuredmedia":[{"embeddable":true,"href":"https:\/\/www.packaging-mag.com\/it\/wp-json\/wp\/v2\/media\/14914"}],"wp:attachment":[{"href":"https:\/\/www.packaging-mag.com\/it\/wp-json\/wp\/v2\/media?parent=14191"}],"wp:term":[{"taxonomy":"category","embeddable":true,"href":"https:\/\/www.packaging-mag.com\/it\/wp-json\/wp\/v2\/categories?post=14191"},{"taxonomy":"post_tag","embeddable":true,"href":"https:\/\/www.packaging-mag.com\/it\/wp-json\/wp\/v2\/tags?post=14191"}],"curies":[{"name":"wp","href":"https:\/\/api.w.org\/{rel}","templated":true}]}}