{"id":13449,"date":"2021-08-24T13:46:15","date_gmt":"2021-08-24T12:46:15","guid":{"rendered":"https:\/\/www.packaging-mag.com\/il-settore-punta-sulla-fiera-leader-le-prenotazioni-per-linterpack-2023-raggiungono-gia-l85-percento\/"},"modified":"2021-08-24T13:46:16","modified_gmt":"2021-08-24T12:46:16","slug":"il-settore-punta-sulla-fiera-leader-le-prenotazioni-per-linterpack-2023-raggiungono-gia-l85-percento","status":"publish","type":"post","link":"https:\/\/www.packaging-mag.com\/it\/il-settore-punta-sulla-fiera-leader-le-prenotazioni-per-linterpack-2023-raggiungono-gia-l85-percento\/","title":{"rendered":"Il settore punta sulla fiera leader: le prenotazioni per l\u2019interpack 2023 raggiungono gi\u00e0 l\u201985 percento"},"content":{"rendered":"\n<h3 class=\"wp-block-heading\">Il nuovo brand slogan: Simply Unique<\/h3>\n\n<p>In realt\u00e0, la finestra di prenotazione per la prossima interpack, che si svolger\u00e0 dal 4 al 10 maggio 2023 nell\u2019area fieristica di D\u00fcsseldorf, si sarebbe dovuta aprire solo nell\u2019autunno di quest\u2019anno. Dopo l\u2019annullamento definitivo dovuto alla pandemia della interpack 2020, inizialmente spostata alla primavera 2021, le imprese gi\u00e0 registrate hanno avuto questa volta la possibilit\u00e0 di procedere sin d\u2019ora a un re-booking e l\u2019opportunit\u00e0 \u00e8 stata ampiamente sfruttata. Pertanto, insieme alle nuove registrazioni di aziende, a met\u00e0 agosto 2021 il tasso di iscrizioni programmato \u00e8 completo gi\u00e0 all\u201985 percento.&#13;\n<\/p>\n\n<p>\u201cSiamo davvero entusiasti del consenso dei nostri clienti. Continuano a ripeterci che non vedono l\u2019ora che si svolga di nuovo l\u2019interpack \u2013 ovvero la fiera in presenza con gli incontri personali\u201d, racconta Thomas Dohse, Project Director dell\u2019interpack. Stando ai riscontri provenienti dal settore, la pandemia avrebbe dimostrato che le proposte alternative digitali possono costituire un\u2019integrazione con valore aggiunto, ma che gli incontri personali in una fiera fisica rappresentano un contributo insostituibile alla generazione di nuovi contatti e all\u2019importantissima costruzione della fiducia. A ci\u00f2 si aggiunge il fatto che alla interpack molte aziende presentano macchine e impianti tecnicamente complessi, che pertanto richiedono spiegazioni, e spesso durante l\u2019interpack possono essere valutati dai potenziali clienti persino in funzionamento. Essi approfittano inoltre della possibilit\u00e0 di confrontare direttamente le soluzioni di diversi fornitori.<\/p>\n\n<p>L\u2019interpack aspira anche per il 2023 ad essere la fiera leader internazionale del settore degli imballaggi e dell\u2019industria di processo affine e lo sottolinea con il nuovo claim \u201cSimply Unique\u201d, che ultimamente caratterizza l\u2019immagine del marchio. \u201cL\u2019unicit\u00e0 dell\u2019interpack \u00e8 data soprattutto dalla variet\u00e0 unica dell\u2019offerta dei nostri espositori \u2013 ma \u00e8 resa completa dai nostri temi speciali che affrontano le tendenze dei prossimi anni. Nel 2023, la sostenibilit\u00e0 in tutte le sue sfaccettature sar\u00e0 ancora pi\u00f9 importante che negli anni passati, pertanto affronteremmo questa tematica in cooperazione con i nostri partner. Oltre alle significative offerte in presenza ci saranno anche le proposte digitali\u201d, spiega Thomas Dohse.<\/p>\n\n<p>In passato i temi speciali dell\u2019interpack hanno sempre suscitato grande attenzione, come ad esempio SAVE FOOD, il cui scopo \u00e8 la riduzione degli sprechi alimentari, oppure il concetto dell\u2019innovationparc, che illustra soluzioni e spunti intelligenti per determinate problematiche e che si \u00e8 ormai affermata in altre fiere internazionali di interpack alliance. I dettagli relativi ai singoli temi speciali e alle proposte supplementari digitali dell\u2019interpack 2023 saranno resi noti nel corso del prossimo anno.&#13;\nLe imprese interessate possono continuare a registrarsi su www.interpack.com per la interpack 2023.L&#8217;interpack rappresenta una piattaforma per catene del valore complete,che comprendono processi e macchine per il packaging e la lavorazione di beni da imballare; oltre a materiali da imballaggio, imballaggi e la produzione di materiali da imballaggio nonch\u00e9 servizi per il settore del packaging.<\/p>\n\n<p>In passato i temi speciali dell\u2019interpack hanno sempre suscitato grande attenzione, come ad esempio SAVE FOOD, il cui scopo \u00e8 la riduzione degli sprechi alimentari, oppure il concetto dell\u2019innovationparc, che illustra soluzioni e spunti intelligenti per determinate problematiche e che si \u00e8 ormai affermata in altre fiere internazionali di interpack alliance. I dettagli relativi ai singoli temi speciali e alle proposte supplementari digitali dell\u2019interpack 2023 saranno resi noti nel corso del prossimo anno.&#13;\nLe imprese interessate possono continuare a registrarsi su www.interpack.com per la interpack 2023.L&#8217;interpack rappresenta una piattaforma per catene del valore complete,che comprendono processi e macchine per il packaging e la lavorazione di beni da imballare; oltre a materiali da imballaggio, imballaggi e la produzione di materiali da imballaggio nonch\u00e9 servizi per il settore del packaging.<\/p>\n\n<p>Anche per components, la fiera organizzata in parallelo e dedicata al settore dei subfornitori, \u00e8 possibile continuare a registrarsi su:<\/p>\n\n<p>www.packaging-components.com.<\/p>\n","protected":false},"excerpt":{"rendered":"<p>Il nuovo brand slogan: Simply Unique In realt\u00e0, la finestra di prenotazione per la prossima interpack, che si svolger\u00e0 dal 4 al 10 maggio 2023 nell\u2019area fieristica di D\u00fcsseldorf, si sarebbe dovuta aprire solo nell\u2019autunno di quest\u2019anno. Dopo l\u2019annullamento definitivo dovuto alla pandemia della interpack 2020, inizialmente spostata alla primavera 2021, le imprese gi\u00e0 registrate [&hellip;]<\/p>\n","protected":false},"author":11,"featured_media":13441,"comment_status":"closed","ping_status":"closed","sticky":false,"template":"","format":"standard","meta":{"footnotes":""},"categories":[],"tags":[1312,1313,1311],"class_list":["post-13449","post","type-post","status-publish","format-standard","has-post-thumbnail","hentry","tag-imballaggio-it","tag-interpack-it","tag-processo"],"yoast_head":"<!-- This site is optimized with the Yoast SEO plugin v27.2 - https:\/\/yoast.com\/product\/yoast-seo-wordpress\/ -->\n<title>Il settore punta sulla fiera leader: le prenotazioni per l\u2019interpack 2023 raggiungono gi\u00e0 l\u201985 percento - Packaging International<\/title>\n<meta name=\"robots\" content=\"index, follow, max-snippet:-1, max-image-preview:large, max-video-preview:-1\" \/>\n<link rel=\"canonical\" href=\"https:\/\/www.packaging-mag.com\/it\/il-settore-punta-sulla-fiera-leader-le-prenotazioni-per-linterpack-2023-raggiungono-gia-l85-percento\/\" \/>\n<meta property=\"og:locale\" content=\"it_IT\" \/>\n<meta property=\"og:type\" content=\"article\" \/>\n<meta property=\"og:title\" content=\"Il settore punta sulla fiera leader: le prenotazioni per l\u2019interpack 2023 raggiungono gi\u00e0 l\u201985 percento - Packaging International\" \/>\n<meta property=\"og:description\" content=\"Il nuovo brand slogan: Simply Unique In realt\u00e0, la finestra di prenotazione per la prossima interpack, che si svolger\u00e0 dal 4 al 10 maggio 2023 nell\u2019area fieristica di D\u00fcsseldorf, si sarebbe dovuta aprire solo nell\u2019autunno di quest\u2019anno. Dopo l\u2019annullamento definitivo dovuto alla pandemia della interpack 2020, inizialmente spostata alla primavera 2021, le imprese gi\u00e0 registrate [&hellip;]\" \/>\n<meta property=\"og:url\" content=\"https:\/\/www.packaging-mag.com\/it\/il-settore-punta-sulla-fiera-leader-le-prenotazioni-per-linterpack-2023-raggiungono-gia-l85-percento\/\" \/>\n<meta property=\"og:site_name\" content=\"Packaging International\" \/>\n<meta property=\"article:published_time\" content=\"2021-08-24T12:46:15+00:00\" \/>\n<meta property=\"article:modified_time\" content=\"2021-08-24T12:46:16+00:00\" \/>\n<meta property=\"og:image\" content=\"https:\/\/www.packaging-mag.com\/wp-content\/uploads\/2021\/08\/Header-Portal_interpack_4-to-10-MAY-2023_945x192.png\" \/>\n\t<meta property=\"og:image:width\" content=\"945\" \/>\n\t<meta property=\"og:image:height\" content=\"192\" \/>\n\t<meta property=\"og:image:type\" content=\"image\/png\" \/>\n<meta name=\"author\" content=\"segreteria_editricezeus\" \/>\n<meta name=\"twitter:card\" content=\"summary_large_image\" \/>\n<meta name=\"twitter:label1\" content=\"Scritto da\" \/>\n\t<meta name=\"twitter:data1\" content=\"segreteria_editricezeus\" \/>\n\t<meta name=\"twitter:label2\" content=\"Tempo di lettura stimato\" \/>\n\t<meta name=\"twitter:data2\" content=\"3 minuti\" \/>\n<script type=\"application\/ld+json\" class=\"yoast-schema-graph\">{\"@context\":\"https:\/\/schema.org\",\"@graph\":[{\"@type\":\"Article\",\"@id\":\"https:\/\/www.packaging-mag.com\/it\/il-settore-punta-sulla-fiera-leader-le-prenotazioni-per-linterpack-2023-raggiungono-gia-l85-percento\/#article\",\"isPartOf\":{\"@id\":\"https:\/\/www.packaging-mag.com\/it\/il-settore-punta-sulla-fiera-leader-le-prenotazioni-per-linterpack-2023-raggiungono-gia-l85-percento\/\"},\"author\":{\"name\":\"segreteria_editricezeus\",\"@id\":\"https:\/\/www.packaging-mag.com\/it\/#\/schema\/person\/865a5ee45d3292405c6a12284e654ee6\"},\"headline\":\"Il settore punta sulla fiera leader: le prenotazioni per l\u2019interpack 2023 raggiungono gi\u00e0 l\u201985 percento\",\"datePublished\":\"2021-08-24T12:46:15+00:00\",\"dateModified\":\"2021-08-24T12:46:16+00:00\",\"mainEntityOfPage\":{\"@id\":\"https:\/\/www.packaging-mag.com\/it\/il-settore-punta-sulla-fiera-leader-le-prenotazioni-per-linterpack-2023-raggiungono-gia-l85-percento\/\"},\"wordCount\":635,\"publisher\":{\"@id\":\"https:\/\/www.packaging-mag.com\/it\/#organization\"},\"image\":{\"@id\":\"https:\/\/www.packaging-mag.com\/it\/il-settore-punta-sulla-fiera-leader-le-prenotazioni-per-linterpack-2023-raggiungono-gia-l85-percento\/#primaryimage\"},\"thumbnailUrl\":\"https:\/\/www.packaging-mag.com\/wp-content\/uploads\/2021\/08\/Header-Portal_interpack_4-to-10-MAY-2023_945x192.png\",\"keywords\":[\"Imballaggio\",\"Interpack\",\"Processo\"],\"inLanguage\":\"it-IT\"},{\"@type\":\"WebPage\",\"@id\":\"https:\/\/www.packaging-mag.com\/it\/il-settore-punta-sulla-fiera-leader-le-prenotazioni-per-linterpack-2023-raggiungono-gia-l85-percento\/\",\"url\":\"https:\/\/www.packaging-mag.com\/it\/il-settore-punta-sulla-fiera-leader-le-prenotazioni-per-linterpack-2023-raggiungono-gia-l85-percento\/\",\"name\":\"Il settore punta sulla fiera leader: le prenotazioni per l\u2019interpack 2023 raggiungono gi\u00e0 l\u201985 percento - Packaging International\",\"isPartOf\":{\"@id\":\"https:\/\/www.packaging-mag.com\/it\/#website\"},\"primaryImageOfPage\":{\"@id\":\"https:\/\/www.packaging-mag.com\/it\/il-settore-punta-sulla-fiera-leader-le-prenotazioni-per-linterpack-2023-raggiungono-gia-l85-percento\/#primaryimage\"},\"image\":{\"@id\":\"https:\/\/www.packaging-mag.com\/it\/il-settore-punta-sulla-fiera-leader-le-prenotazioni-per-linterpack-2023-raggiungono-gia-l85-percento\/#primaryimage\"},\"thumbnailUrl\":\"https:\/\/www.packaging-mag.com\/wp-content\/uploads\/2021\/08\/Header-Portal_interpack_4-to-10-MAY-2023_945x192.png\",\"datePublished\":\"2021-08-24T12:46:15+00:00\",\"dateModified\":\"2021-08-24T12:46:16+00:00\",\"breadcrumb\":{\"@id\":\"https:\/\/www.packaging-mag.com\/it\/il-settore-punta-sulla-fiera-leader-le-prenotazioni-per-linterpack-2023-raggiungono-gia-l85-percento\/#breadcrumb\"},\"inLanguage\":\"it-IT\",\"potentialAction\":[{\"@type\":\"ReadAction\",\"target\":[\"https:\/\/www.packaging-mag.com\/it\/il-settore-punta-sulla-fiera-leader-le-prenotazioni-per-linterpack-2023-raggiungono-gia-l85-percento\/\"]}]},{\"@type\":\"ImageObject\",\"inLanguage\":\"it-IT\",\"@id\":\"https:\/\/www.packaging-mag.com\/it\/il-settore-punta-sulla-fiera-leader-le-prenotazioni-per-linterpack-2023-raggiungono-gia-l85-percento\/#primaryimage\",\"url\":\"https:\/\/www.packaging-mag.com\/wp-content\/uploads\/2021\/08\/Header-Portal_interpack_4-to-10-MAY-2023_945x192.png\",\"contentUrl\":\"https:\/\/www.packaging-mag.com\/wp-content\/uploads\/2021\/08\/Header-Portal_interpack_4-to-10-MAY-2023_945x192.png\",\"width\":945,\"height\":192},{\"@type\":\"BreadcrumbList\",\"@id\":\"https:\/\/www.packaging-mag.com\/it\/il-settore-punta-sulla-fiera-leader-le-prenotazioni-per-linterpack-2023-raggiungono-gia-l85-percento\/#breadcrumb\",\"itemListElement\":[{\"@type\":\"ListItem\",\"position\":1,\"name\":\"Home\",\"item\":\"https:\/\/www.packaging-mag.com\/it\/\"},{\"@type\":\"ListItem\",\"position\":2,\"name\":\"Il settore punta sulla fiera leader: le prenotazioni per l\u2019interpack 2023 raggiungono gi\u00e0 l\u201985 percento\"}]},{\"@type\":\"WebSite\",\"@id\":\"https:\/\/www.packaging-mag.com\/it\/#website\",\"url\":\"https:\/\/www.packaging-mag.com\/it\/\",\"name\":\"Packaging International\",\"description\":\"All for packaging\",\"publisher\":{\"@id\":\"https:\/\/www.packaging-mag.com\/it\/#organization\"},\"potentialAction\":[{\"@type\":\"SearchAction\",\"target\":{\"@type\":\"EntryPoint\",\"urlTemplate\":\"https:\/\/www.packaging-mag.com\/it\/?s={search_term_string}\"},\"query-input\":{\"@type\":\"PropertyValueSpecification\",\"valueRequired\":true,\"valueName\":\"search_term_string\"}}],\"inLanguage\":\"it-IT\"},{\"@type\":\"Organization\",\"@id\":\"https:\/\/www.packaging-mag.com\/it\/#organization\",\"name\":\"Editrice Zeus Sas\",\"url\":\"https:\/\/www.packaging-mag.com\/it\/\",\"logo\":{\"@type\":\"ImageObject\",\"inLanguage\":\"it-IT\",\"@id\":\"https:\/\/www.packaging-mag.com\/it\/#\/schema\/logo\/image\/\",\"url\":\"https:\/\/www.packaging-mag.com\/wp-content\/uploads\/2020\/02\/PACKAGING-INTERNATIONAL_editrice.png\",\"contentUrl\":\"https:\/\/www.packaging-mag.com\/wp-content\/uploads\/2020\/02\/PACKAGING-INTERNATIONAL_editrice.png\",\"width\":5020,\"height\":1205,\"caption\":\"Editrice Zeus Sas\"},\"image\":{\"@id\":\"https:\/\/www.packaging-mag.com\/it\/#\/schema\/logo\/image\/\"}},{\"@type\":\"Person\",\"@id\":\"https:\/\/www.packaging-mag.com\/it\/#\/schema\/person\/865a5ee45d3292405c6a12284e654ee6\",\"name\":\"segreteria_editricezeus\",\"image\":{\"@type\":\"ImageObject\",\"inLanguage\":\"it-IT\",\"@id\":\"https:\/\/secure.gravatar.com\/avatar\/a3dfacf9a7a36af347f9a83fb431393bd184a862e2f25d1d9af6a05dfe92ec7b?s=96&d=mm&r=g\",\"url\":\"https:\/\/secure.gravatar.com\/avatar\/a3dfacf9a7a36af347f9a83fb431393bd184a862e2f25d1d9af6a05dfe92ec7b?s=96&d=mm&r=g\",\"contentUrl\":\"https:\/\/secure.gravatar.com\/avatar\/a3dfacf9a7a36af347f9a83fb431393bd184a862e2f25d1d9af6a05dfe92ec7b?s=96&d=mm&r=g\",\"caption\":\"segreteria_editricezeus\"}}]}<\/script>\n<!-- \/ Yoast SEO plugin. -->","yoast_head_json":{"title":"Il settore punta sulla fiera leader: le prenotazioni per l\u2019interpack 2023 raggiungono gi\u00e0 l\u201985 percento - Packaging International","robots":{"index":"index","follow":"follow","max-snippet":"max-snippet:-1","max-image-preview":"max-image-preview:large","max-video-preview":"max-video-preview:-1"},"canonical":"https:\/\/www.packaging-mag.com\/it\/il-settore-punta-sulla-fiera-leader-le-prenotazioni-per-linterpack-2023-raggiungono-gia-l85-percento\/","og_locale":"it_IT","og_type":"article","og_title":"Il settore punta sulla fiera leader: le prenotazioni per l\u2019interpack 2023 raggiungono gi\u00e0 l\u201985 percento - Packaging International","og_description":"Il nuovo brand slogan: Simply Unique In realt\u00e0, la finestra di prenotazione per la prossima interpack, che si svolger\u00e0 dal 4 al 10 maggio 2023 nell\u2019area fieristica di D\u00fcsseldorf, si sarebbe dovuta aprire solo nell\u2019autunno di quest\u2019anno. Dopo l\u2019annullamento definitivo dovuto alla pandemia della interpack 2020, inizialmente spostata alla primavera 2021, le imprese gi\u00e0 registrate [&hellip;]","og_url":"https:\/\/www.packaging-mag.com\/it\/il-settore-punta-sulla-fiera-leader-le-prenotazioni-per-linterpack-2023-raggiungono-gia-l85-percento\/","og_site_name":"Packaging International","article_published_time":"2021-08-24T12:46:15+00:00","article_modified_time":"2021-08-24T12:46:16+00:00","og_image":[{"width":945,"height":192,"url":"https:\/\/www.packaging-mag.com\/wp-content\/uploads\/2021\/08\/Header-Portal_interpack_4-to-10-MAY-2023_945x192.png","type":"image\/png"}],"author":"segreteria_editricezeus","twitter_card":"summary_large_image","twitter_misc":{"Scritto da":"segreteria_editricezeus","Tempo di lettura stimato":"3 minuti"},"schema":{"@context":"https:\/\/schema.org","@graph":[{"@type":"Article","@id":"https:\/\/www.packaging-mag.com\/it\/il-settore-punta-sulla-fiera-leader-le-prenotazioni-per-linterpack-2023-raggiungono-gia-l85-percento\/#article","isPartOf":{"@id":"https:\/\/www.packaging-mag.com\/it\/il-settore-punta-sulla-fiera-leader-le-prenotazioni-per-linterpack-2023-raggiungono-gia-l85-percento\/"},"author":{"name":"segreteria_editricezeus","@id":"https:\/\/www.packaging-mag.com\/it\/#\/schema\/person\/865a5ee45d3292405c6a12284e654ee6"},"headline":"Il settore punta sulla fiera leader: le prenotazioni per l\u2019interpack 2023 raggiungono gi\u00e0 l\u201985 percento","datePublished":"2021-08-24T12:46:15+00:00","dateModified":"2021-08-24T12:46:16+00:00","mainEntityOfPage":{"@id":"https:\/\/www.packaging-mag.com\/it\/il-settore-punta-sulla-fiera-leader-le-prenotazioni-per-linterpack-2023-raggiungono-gia-l85-percento\/"},"wordCount":635,"publisher":{"@id":"https:\/\/www.packaging-mag.com\/it\/#organization"},"image":{"@id":"https:\/\/www.packaging-mag.com\/it\/il-settore-punta-sulla-fiera-leader-le-prenotazioni-per-linterpack-2023-raggiungono-gia-l85-percento\/#primaryimage"},"thumbnailUrl":"https:\/\/www.packaging-mag.com\/wp-content\/uploads\/2021\/08\/Header-Portal_interpack_4-to-10-MAY-2023_945x192.png","keywords":["Imballaggio","Interpack","Processo"],"inLanguage":"it-IT"},{"@type":"WebPage","@id":"https:\/\/www.packaging-mag.com\/it\/il-settore-punta-sulla-fiera-leader-le-prenotazioni-per-linterpack-2023-raggiungono-gia-l85-percento\/","url":"https:\/\/www.packaging-mag.com\/it\/il-settore-punta-sulla-fiera-leader-le-prenotazioni-per-linterpack-2023-raggiungono-gia-l85-percento\/","name":"Il settore punta sulla fiera leader: le prenotazioni per l\u2019interpack 2023 raggiungono gi\u00e0 l\u201985 percento - Packaging International","isPartOf":{"@id":"https:\/\/www.packaging-mag.com\/it\/#website"},"primaryImageOfPage":{"@id":"https:\/\/www.packaging-mag.com\/it\/il-settore-punta-sulla-fiera-leader-le-prenotazioni-per-linterpack-2023-raggiungono-gia-l85-percento\/#primaryimage"},"image":{"@id":"https:\/\/www.packaging-mag.com\/it\/il-settore-punta-sulla-fiera-leader-le-prenotazioni-per-linterpack-2023-raggiungono-gia-l85-percento\/#primaryimage"},"thumbnailUrl":"https:\/\/www.packaging-mag.com\/wp-content\/uploads\/2021\/08\/Header-Portal_interpack_4-to-10-MAY-2023_945x192.png","datePublished":"2021-08-24T12:46:15+00:00","dateModified":"2021-08-24T12:46:16+00:00","breadcrumb":{"@id":"https:\/\/www.packaging-mag.com\/it\/il-settore-punta-sulla-fiera-leader-le-prenotazioni-per-linterpack-2023-raggiungono-gia-l85-percento\/#breadcrumb"},"inLanguage":"it-IT","potentialAction":[{"@type":"ReadAction","target":["https:\/\/www.packaging-mag.com\/it\/il-settore-punta-sulla-fiera-leader-le-prenotazioni-per-linterpack-2023-raggiungono-gia-l85-percento\/"]}]},{"@type":"ImageObject","inLanguage":"it-IT","@id":"https:\/\/www.packaging-mag.com\/it\/il-settore-punta-sulla-fiera-leader-le-prenotazioni-per-linterpack-2023-raggiungono-gia-l85-percento\/#primaryimage","url":"https:\/\/www.packaging-mag.com\/wp-content\/uploads\/2021\/08\/Header-Portal_interpack_4-to-10-MAY-2023_945x192.png","contentUrl":"https:\/\/www.packaging-mag.com\/wp-content\/uploads\/2021\/08\/Header-Portal_interpack_4-to-10-MAY-2023_945x192.png","width":945,"height":192},{"@type":"BreadcrumbList","@id":"https:\/\/www.packaging-mag.com\/it\/il-settore-punta-sulla-fiera-leader-le-prenotazioni-per-linterpack-2023-raggiungono-gia-l85-percento\/#breadcrumb","itemListElement":[{"@type":"ListItem","position":1,"name":"Home","item":"https:\/\/www.packaging-mag.com\/it\/"},{"@type":"ListItem","position":2,"name":"Il settore punta sulla fiera leader: le prenotazioni per l\u2019interpack 2023 raggiungono gi\u00e0 l\u201985 percento"}]},{"@type":"WebSite","@id":"https:\/\/www.packaging-mag.com\/it\/#website","url":"https:\/\/www.packaging-mag.com\/it\/","name":"Packaging International","description":"All for packaging","publisher":{"@id":"https:\/\/www.packaging-mag.com\/it\/#organization"},"potentialAction":[{"@type":"SearchAction","target":{"@type":"EntryPoint","urlTemplate":"https:\/\/www.packaging-mag.com\/it\/?s={search_term_string}"},"query-input":{"@type":"PropertyValueSpecification","valueRequired":true,"valueName":"search_term_string"}}],"inLanguage":"it-IT"},{"@type":"Organization","@id":"https:\/\/www.packaging-mag.com\/it\/#organization","name":"Editrice Zeus Sas","url":"https:\/\/www.packaging-mag.com\/it\/","logo":{"@type":"ImageObject","inLanguage":"it-IT","@id":"https:\/\/www.packaging-mag.com\/it\/#\/schema\/logo\/image\/","url":"https:\/\/www.packaging-mag.com\/wp-content\/uploads\/2020\/02\/PACKAGING-INTERNATIONAL_editrice.png","contentUrl":"https:\/\/www.packaging-mag.com\/wp-content\/uploads\/2020\/02\/PACKAGING-INTERNATIONAL_editrice.png","width":5020,"height":1205,"caption":"Editrice Zeus Sas"},"image":{"@id":"https:\/\/www.packaging-mag.com\/it\/#\/schema\/logo\/image\/"}},{"@type":"Person","@id":"https:\/\/www.packaging-mag.com\/it\/#\/schema\/person\/865a5ee45d3292405c6a12284e654ee6","name":"segreteria_editricezeus","image":{"@type":"ImageObject","inLanguage":"it-IT","@id":"https:\/\/secure.gravatar.com\/avatar\/a3dfacf9a7a36af347f9a83fb431393bd184a862e2f25d1d9af6a05dfe92ec7b?s=96&d=mm&r=g","url":"https:\/\/secure.gravatar.com\/avatar\/a3dfacf9a7a36af347f9a83fb431393bd184a862e2f25d1d9af6a05dfe92ec7b?s=96&d=mm&r=g","contentUrl":"https:\/\/secure.gravatar.com\/avatar\/a3dfacf9a7a36af347f9a83fb431393bd184a862e2f25d1d9af6a05dfe92ec7b?s=96&d=mm&r=g","caption":"segreteria_editricezeus"}}]}},"_links":{"self":[{"href":"https:\/\/www.packaging-mag.com\/it\/wp-json\/wp\/v2\/posts\/13449","targetHints":{"allow":["GET"]}}],"collection":[{"href":"https:\/\/www.packaging-mag.com\/it\/wp-json\/wp\/v2\/posts"}],"about":[{"href":"https:\/\/www.packaging-mag.com\/it\/wp-json\/wp\/v2\/types\/post"}],"author":[{"embeddable":true,"href":"https:\/\/www.packaging-mag.com\/it\/wp-json\/wp\/v2\/users\/11"}],"replies":[{"embeddable":true,"href":"https:\/\/www.packaging-mag.com\/it\/wp-json\/wp\/v2\/comments?post=13449"}],"version-history":[{"count":0,"href":"https:\/\/www.packaging-mag.com\/it\/wp-json\/wp\/v2\/posts\/13449\/revisions"}],"wp:featuredmedia":[{"embeddable":true,"href":"https:\/\/www.packaging-mag.com\/it\/wp-json\/wp\/v2\/media\/13441"}],"wp:attachment":[{"href":"https:\/\/www.packaging-mag.com\/it\/wp-json\/wp\/v2\/media?parent=13449"}],"wp:term":[{"taxonomy":"category","embeddable":true,"href":"https:\/\/www.packaging-mag.com\/it\/wp-json\/wp\/v2\/categories?post=13449"},{"taxonomy":"post_tag","embeddable":true,"href":"https:\/\/www.packaging-mag.com\/it\/wp-json\/wp\/v2\/tags?post=13449"}],"curies":[{"name":"wp","href":"https:\/\/api.w.org\/{rel}","templated":true}]}}